{"id":122,"date":"2020-11-19T11:50:52","date_gmt":"2020-11-19T10:50:52","guid":{"rendered":"https:\/\/shop.crenali.de\/blog\/?p=122"},"modified":"2021-02-01T18:22:09","modified_gmt":"2021-02-01T17:22:09","slug":"wollfest-rueckblick-no-1-wolllandia-1-in-kieselbronn","status":"publish","type":"post","link":"https:\/\/shop.crenali.de\/blog\/wollfest-rueckblick-no-1-wolllandia-1-in-kieselbronn\/","title":{"rendered":"Wollfest R\u00fcckblick No. 1: WollLandia 1 in Kieselbronn"},"content":{"rendered":"\n<p>Aktuell ist aufgrund der Pandemie die Wollfest-Szene ja wirklich hart getroffen (Wie nat\u00fcrlich die gesamte Reise- und Veranstaltungsbranche). Das Zusammensein, Wolle bekuscheln und der Austausch sind mit einem Schlag weg gerissen worden. \ud83e\udd74 Daher habe ich beschlossen nach Kieselbronn zu WollLandia 1 zu reisen und ein paar R\u00fcckblicke zu geben, um wenigstens ein bisschen Wollfest-Flair zu erhalten.<\/p>\n\n\n\n<p>Hoffentlich kann ich damit auch die Zeit bis zum Wiederaufleben unserer &#8222;Klassentreffen&#8220; etwas zu verk\u00fcrzen.<\/p>\n\n\n\n<figure class=\"wp-block-image size-large\"><img loading=\"lazy\" width=\"1024\" height=\"1024\" src=\"https:\/\/shop.crenali.de\/blog\/wp-content\/uploads\/2020\/11\/1-2-1024x1024.png\" alt=\"WollLandia 1 - Das Wollfest im badischen Kieselbronn\" class=\"wp-image-127\" srcset=\"https:\/\/shop.crenali.de\/blog\/wp-content\/uploads\/2020\/11\/1-2-1024x1024.png 1024w, https:\/\/shop.crenali.de\/blog\/wp-content\/uploads\/2020\/11\/1-2-300x300.png 300w, https:\/\/shop.crenali.de\/blog\/wp-content\/uploads\/2020\/11\/1-2-150x150.png 150w, https:\/\/shop.crenali.de\/blog\/wp-content\/uploads\/2020\/11\/1-2-768x768.png 768w, https:\/\/shop.crenali.de\/blog\/wp-content\/uploads\/2020\/11\/1-2-100x100.png 100w, https:\/\/shop.crenali.de\/blog\/wp-content\/uploads\/2020\/11\/1-2.png 1080w\" sizes=\"(max-width: 767px) 89vw, (max-width: 1000px) 54vw, (max-width: 1071px) 543px, 580px\" \/><figcaption>WollLandia in Kieselbronn 2018<\/figcaption><\/figure>\n\n\n\n<!--more-->\n\n\n\n<div id=\"ez-toc-container\" class=\"ez-toc-v2_0_34 counter-hierarchy ez-toc-counter ez-toc-light-blue ez-toc-container-direction\">\n<div class=\"ez-toc-title-container\">\n<p class=\"ez-toc-title\">Diese Themen erwarten dich im Blogartikel:<\/p>\n<span class=\"ez-toc-title-toggle\"><\/span><\/div>\n<nav><ul class='ez-toc-list ez-toc-list-level-1'><li class='ez-toc-page-1 ez-toc-heading-level-2'><a class=\"ez-toc-link ez-toc-heading-1\" href=\"https:\/\/shop.crenali.de\/blog\/wollfest-rueckblick-no-1-wolllandia-1-in-kieselbronn\/#das-badische-kieselbronn-wurde-fuer-zwei-tage-zum-wollmekka\" title=\"Das badische Kieselbronn wurde f\u00fcr zwei Tage zum Wollmekka\">Das badische Kieselbronn wurde f\u00fcr zwei Tage zum Wollmekka<\/a><\/li><li class='ez-toc-page-1 ez-toc-heading-level-2'><a class=\"ez-toc-link ez-toc-heading-2\" href=\"https:\/\/shop.crenali.de\/blog\/wollfest-rueckblick-no-1-wolllandia-1-in-kieselbronn\/#zwei-tage-wahnsinns-party-bei-wolllandia-1\" title=\"Zwei Tage wahnsinns Party bei WollLandia 1!\">Zwei Tage wahnsinns Party bei WollLandia 1!<\/a><\/li><li class='ez-toc-page-1 ez-toc-heading-level-2'><a class=\"ez-toc-link ez-toc-heading-3\" href=\"https:\/\/shop.crenali.de\/blog\/wollfest-rueckblick-no-1-wolllandia-1-in-kieselbronn\/#warum-wollfeste-solche-parties-sind\" title=\"Warum Wollfeste solche Parties sind\">Warum Wollfeste solche Parties sind<\/a><\/li><li class='ez-toc-page-1 ez-toc-heading-level-2'><a class=\"ez-toc-link ez-toc-heading-4\" href=\"https:\/\/shop.crenali.de\/blog\/wollfest-rueckblick-no-1-wolllandia-1-in-kieselbronn\/#und-das-resuemee-von-wolllandia-1\" title=\"Und das Res\u00fcmee von WollLandia 1?\">Und das Res\u00fcmee von WollLandia 1?<\/a><\/li><\/ul><\/nav><\/div>\n<h2><span class=\"ez-toc-section\" id=\"das-badische-kieselbronn-wurde-fuer-zwei-tage-zum-wollmekka\"><\/span>Das badische Kieselbronn wurde f\u00fcr zwei Tage zum Wollmekka<span class=\"ez-toc-section-end\"><\/span><\/h2>\n\n\n\n<p>Ich gestehe, von Kieselbronn hatte ich bis zur Zusage beim Wollfest noch nie geh\u00f6rt. Und dann dachte ich auch noch, es sei im Schw\u00e4bischen &#8211; Asche auf mein Haupt! Nat\u00fcrlich geh\u00f6rt dieses beschauliche \u00d6rtchen noch zu Baden. \ud83d\ude01<\/p>\n\n\n\n<p>Erica Carnevale hat etwas ganz gro\u00dfartiges geschafft: Sie hat in der dortigen Halle eine bunte Mischung an Pflanzen- sowie S\u00e4uref\u00e4rbern mit Faserk\u00fcnstlern und Drechslern versammelt, womit wirklich jeder auf seine Kosten kam.<\/p>\n\n\n\n<figure class=\"wp-block-image size-large\"><img loading=\"lazy\" width=\"1024\" height=\"1024\" src=\"https:\/\/shop.crenali.de\/blog\/wp-content\/uploads\/2020\/11\/6-1024x1024.png\" alt=\"Crenali muss packen und das auch noch platzsparend.\" class=\"wp-image-128\" srcset=\"https:\/\/shop.crenali.de\/blog\/wp-content\/uploads\/2020\/11\/6-1024x1024.png 1024w, https:\/\/shop.crenali.de\/blog\/wp-content\/uploads\/2020\/11\/6-300x300.png 300w, https:\/\/shop.crenali.de\/blog\/wp-content\/uploads\/2020\/11\/6-150x150.png 150w, https:\/\/shop.crenali.de\/blog\/wp-content\/uploads\/2020\/11\/6-768x768.png 768w, https:\/\/shop.crenali.de\/blog\/wp-content\/uploads\/2020\/11\/6-100x100.png 100w, https:\/\/shop.crenali.de\/blog\/wp-content\/uploads\/2020\/11\/6.png 1080w\" sizes=\"(max-width: 767px) 89vw, (max-width: 1000px) 54vw, (max-width: 1071px) 543px, 580px\" \/><figcaption>Packen ist immer das Schlimmste!<\/figcaption><\/figure>\n\n\n\n<p>Ich bin recht kurzfristig eingesprungen, da einer der geplanten Aussteller ausgefallen war. Also hie\u00df es in Rekordzeit noch ausreichend Waren produzieren, um nicht mit leeren H\u00e4nden dort zu stehen.<\/p>\n\n\n\n<p>Mit der Unterst\u00fctzung von Freunden und Familie wurden stunden- und n\u00e4chtelang Wolle gef\u00e4rbt, gestr\u00e4ngelt und etikettiert. Allen Widrigkeiten zum Trotz, den drau\u00dfen hatte es tats\u00e4chlich noch Schnee und eines morgens waren meine L\u00f6ffel eingefroren. \ud83e\udd23<\/p>\n\n\n\n<figure class=\"wp-block-image size-large\"><img loading=\"lazy\" width=\"1024\" height=\"1024\" src=\"https:\/\/shop.crenali.de\/blog\/wp-content\/uploads\/2020\/11\/2-3-1024x1024.png\" alt=\"Standaufbau bei WollLandia 1\" class=\"wp-image-129\" srcset=\"https:\/\/shop.crenali.de\/blog\/wp-content\/uploads\/2020\/11\/2-3-1024x1024.png 1024w, https:\/\/shop.crenali.de\/blog\/wp-content\/uploads\/2020\/11\/2-3-300x300.png 300w, https:\/\/shop.crenali.de\/blog\/wp-content\/uploads\/2020\/11\/2-3-150x150.png 150w, https:\/\/shop.crenali.de\/blog\/wp-content\/uploads\/2020\/11\/2-3-768x768.png 768w, https:\/\/shop.crenali.de\/blog\/wp-content\/uploads\/2020\/11\/2-3-100x100.png 100w, https:\/\/shop.crenali.de\/blog\/wp-content\/uploads\/2020\/11\/2-3.png 1080w\" sizes=\"(max-width: 767px) 89vw, (max-width: 1000px) 54vw, (max-width: 1071px) 543px, 580px\" \/><figcaption>Standaufbau 2018<\/figcaption><\/figure>\n\n\n\n<h2><span class=\"ez-toc-section\" id=\"zwei-tage-wahnsinns-party-bei-wolllandia-1\"><\/span>Zwei Tage wahnsinns Party bei WollLandia 1!<span class=\"ez-toc-section-end\"><\/span><\/h2>\n\n\n\n<p>Gemeinsam mit meiner Familie (ich habe tats\u00e4chlich zu dem Zeitpunkt MiniJunior noch gestillt) ging es Samstag in aller Herrgottsfr\u00fche los, um unmittelbar zur Hallen\u00f6ffnung den Standaufbau zu erledigen &#8211; sowas mache ich nie wieder. \ud83d\ude05<\/p>\n\n\n\n<p>Mein Mann war bem\u00fcht, mich zu unterst\u00fctzen, aber wenn wir eines gelernt haben: Ich habe da so meine Vorstellungen, wie mein Stand auszusehen hat. (Manche nennen es auch meinen inneren Monk&#8230;) Und diese zu erf\u00fcllen ist nicht ganz einfach, wenn man sonst rein gar nichts mit Wolle zu tun hat. Danke nat\u00fcrlich trotzdem an dieser Stelle f\u00fcr die Unterst\u00fctzung.<\/p>\n\n\n\n<p>Dennoch hatte ich es geschafft bis zur \u00d6ffnung der T\u00fcren die Wolle an Ort und Stelle zu bringen, denn danach war daf\u00fcr schlicht keine Zeit mehr!<\/p>\n\n\n\n<p>Die Schlange vor der Halle hatte ich bis zur \u00d6ffnung gar nicht mitbekommen, aber dann&#8230;. <\/p>\n\n\n\n<p>&#8230; st\u00fcrmten die Massen die Halle und pl\u00fcnderten unsere St\u00e4nde leer! Es war wirklich wahnsinnig, wie viele Menschen mit uns auf diesen Tag hingefiebert hatten und sich in das Wollget\u00fcmmel gest\u00fcrzt hatten.<\/p>\n\n\n\n<figure class=\"wp-block-image size-large\"><img loading=\"lazy\" width=\"1024\" height=\"1024\" src=\"https:\/\/shop.crenali.de\/blog\/wp-content\/uploads\/2020\/11\/3-3-1024x1024.png\" alt=\"F\u00e4rbekollegen aus der Woll-Familie\" class=\"wp-image-130\" srcset=\"https:\/\/shop.crenali.de\/blog\/wp-content\/uploads\/2020\/11\/3-3-1024x1024.png 1024w, https:\/\/shop.crenali.de\/blog\/wp-content\/uploads\/2020\/11\/3-3-300x300.png 300w, https:\/\/shop.crenali.de\/blog\/wp-content\/uploads\/2020\/11\/3-3-150x150.png 150w, https:\/\/shop.crenali.de\/blog\/wp-content\/uploads\/2020\/11\/3-3-768x768.png 768w, https:\/\/shop.crenali.de\/blog\/wp-content\/uploads\/2020\/11\/3-3-100x100.png 100w, https:\/\/shop.crenali.de\/blog\/wp-content\/uploads\/2020\/11\/3-3.png 1080w\" sizes=\"(max-width: 767px) 89vw, (max-width: 1000px) 54vw, (max-width: 1071px) 543px, 580px\" \/><figcaption>Kleiner Blick auf die anderen St\u00e4nde<\/figcaption><\/figure>\n\n\n\n<h2><span class=\"ez-toc-section\" id=\"warum-wollfeste-solche-parties-sind\"><\/span>Warum Wollfeste solche Parties sind<span class=\"ez-toc-section-end\"><\/span><\/h2>\n\n\n\n<p>Aussenstehende verstehen oft nicht, was wir so faszinierend an Wollfesten finden. Das liegt ganz einfach daran, dass sie selbst noch nie dort waren!<\/p>\n\n\n\n<p>Ich erhielt kurzerhand Unterst\u00fctzung von Sabine Pesl, die mit ihren get\u00f6pferten Garnschalen eine tolle Erg\u00e4nzung zu meinem Sortiment mitbrachte. Und ich war Gott froh, dass ich am Samstag nicht alleine am Stand war. Es kamen so viele Menschen, die Beratung und Gespr\u00e4che suchten, denen man sich widmen m\u00f6chte, ohne andere vor den Kopf zu sto\u00dfen. <\/p>\n\n\n\n<p>Und davon kamen wirklich viele.<\/p>\n\n\n\n<figure class=\"wp-block-image size-large\"><img loading=\"lazy\" width=\"1024\" height=\"1024\" src=\"https:\/\/shop.crenali.de\/blog\/wp-content\/uploads\/2020\/11\/4-2-1024x1024.png\" alt=\"Gesa von Buttjebeyy war auch da.\" class=\"wp-image-131\" srcset=\"https:\/\/shop.crenali.de\/blog\/wp-content\/uploads\/2020\/11\/4-2-1024x1024.png 1024w, https:\/\/shop.crenali.de\/blog\/wp-content\/uploads\/2020\/11\/4-2-300x300.png 300w, https:\/\/shop.crenali.de\/blog\/wp-content\/uploads\/2020\/11\/4-2-150x150.png 150w, https:\/\/shop.crenali.de\/blog\/wp-content\/uploads\/2020\/11\/4-2-768x768.png 768w, https:\/\/shop.crenali.de\/blog\/wp-content\/uploads\/2020\/11\/4-2-100x100.png 100w, https:\/\/shop.crenali.de\/blog\/wp-content\/uploads\/2020\/11\/4-2.png 1080w\" sizes=\"(max-width: 767px) 89vw, (max-width: 1000px) 54vw, (max-width: 1071px) 543px, 580px\" \/><figcaption>Blick aufs Sortiment und ein Schnappschuss mit F\u00e4rbekollegin Gesa Drechsler<\/figcaption><\/figure>\n\n\n\n<p>Und neben all dem wurde geredet, gelacht und gefeiert, gegessen &amp; getrunken. Es hei\u00dft ja nicht umsonst WollFEST, oder?<\/p>\n\n\n\n<p>Lauter Wollverr\u00fcckte von wirklich \u00fcberall her treffen sich. Kein Weg wird gescheut, es wird sich gegenseitig unterst\u00fctzt, ausgeholfen und ausgetauscht. Das f\u00fchlt sich nicht an wie Konkurrenz, nein: So ist Familie!<\/p>\n\n\n\n<p>Und das hat Eri ganz wundervoll mit ihrer warmen und herzlichen Art entscheidend geplant und organisiert!<\/p>\n\n\n\n<figure class=\"wp-block-image size-large\"><img loading=\"lazy\" width=\"1024\" height=\"1024\" src=\"https:\/\/shop.crenali.de\/blog\/wp-content\/uploads\/2020\/11\/5-2-1024x1024.png\" alt=\"Meine Wenigkeit hinter dem Stand | Pflanzengef\u00e4rbte Wolle wohin das Auge schaut\" class=\"wp-image-132\" srcset=\"https:\/\/shop.crenali.de\/blog\/wp-content\/uploads\/2020\/11\/5-2-1024x1024.png 1024w, https:\/\/shop.crenali.de\/blog\/wp-content\/uploads\/2020\/11\/5-2-300x300.png 300w, https:\/\/shop.crenali.de\/blog\/wp-content\/uploads\/2020\/11\/5-2-150x150.png 150w, https:\/\/shop.crenali.de\/blog\/wp-content\/uploads\/2020\/11\/5-2-768x768.png 768w, https:\/\/shop.crenali.de\/blog\/wp-content\/uploads\/2020\/11\/5-2-100x100.png 100w, https:\/\/shop.crenali.de\/blog\/wp-content\/uploads\/2020\/11\/5-2.png 1080w\" sizes=\"(max-width: 767px) 89vw, (max-width: 1000px) 54vw, (max-width: 1071px) 543px, 580px\" \/><figcaption>Ein Foto von mir am Stand gab es tats\u00e4chlich auch.<\/figcaption><\/figure>\n\n\n\n<h2><span class=\"ez-toc-section\" id=\"und-das-resuemee-von-wolllandia-1\"><\/span>Und das Res\u00fcmee von WollLandia 1?<span class=\"ez-toc-section-end\"><\/span><\/h2>\n\n\n\n<p>Das ist ganz schnell gesagt: Es war eine gigantisch tolle Sause und trotz all dem &#8222;Stress&#8220; war ich erf\u00fcllt von all den Begegnungen mit so vielen lieben Menschen!<\/p>\n\n\n\n<p><\/p>\n\n\n\n<figure class=\"wp-block-image size-large\"><img loading=\"lazy\" width=\"1024\" height=\"1024\" src=\"https:\/\/shop.crenali.de\/blog\/wp-content\/uploads\/2020\/11\/7-1024x1024.png\" alt=\"Meine pers\u00f6nliche Ausbeute von WollLandia\" class=\"wp-image-133\" srcset=\"https:\/\/shop.crenali.de\/blog\/wp-content\/uploads\/2020\/11\/7-1024x1024.png 1024w, https:\/\/shop.crenali.de\/blog\/wp-content\/uploads\/2020\/11\/7-300x300.png 300w, https:\/\/shop.crenali.de\/blog\/wp-content\/uploads\/2020\/11\/7-150x150.png 150w, https:\/\/shop.crenali.de\/blog\/wp-content\/uploads\/2020\/11\/7-768x768.png 768w, https:\/\/shop.crenali.de\/blog\/wp-content\/uploads\/2020\/11\/7-100x100.png 100w, https:\/\/shop.crenali.de\/blog\/wp-content\/uploads\/2020\/11\/7.png 1080w\" sizes=\"(max-width: 767px) 89vw, (max-width: 1000px) 54vw, (max-width: 1071px) 543px, 580px\" \/><figcaption>Was w\u00e4re ein Wollfest ohne eigene Beute? Eben. Unschwer zu erkennen ist hier vermutlich auch meine Leidenschaft f\u00fcr Handspindeln&#8230;<\/figcaption><\/figure>\n\n\n\n<p>Du willst k\u00fcnftig mehr \u00fcber die Wollfeste erfahren, an denen wir ausgestellt haben?<br>Dann schau dir am Besten mal die neue Kategorie im Blog an und speichere sie am Besten direkt ab:<\/p>\n\n\n\n<div class=\"wp-container-1 wp-block-buttons aligncenter\">\n<div class=\"wp-block-button\"><a class=\"wp-block-button__link\" href=\"https:\/\/shop.crenali.de\/blog\/category\/wollfeste\/\" target=\"_blank\" rel=\"noreferrer noopener\">WollFeste bei Crenali\u00b4s Klartext<\/a><\/div>\n<\/div>\n\n\n\n<p><\/p>\n","protected":false},"excerpt":{"rendered":"<p>Aktuell ist aufgrund der Pandemie die Wollfest-Szene ja wirklich hart getroffen (Wie nat\u00fcrlich die gesamte Reise- und Veranstaltungsbranche). Das Zusammensein, Wolle bekuscheln und der Austausch sind mit einem Schlag weg gerissen worden. \ud83e\udd74 Daher habe ich beschlossen nach Kieselbronn zu WollLandia 1 zu reisen und ein paar R\u00fcckblicke zu geben, um wenigstens ein bisschen Wollfest-Flair &hellip; <\/p>\n<p class=\"link-more\"><a href=\"https:\/\/shop.crenali.de\/blog\/wollfest-rueckblick-no-1-wolllandia-1-in-kieselbronn\/\" class=\"more-link\"><span class=\"screen-reader-text\">\u201eWollfest R\u00fcckblick No. 1: WollLandia 1 in Kieselbronn\u201c<\/span> weiterlesen<\/a><\/p>\n","protected":false},"author":1,"featured_media":0,"comment_status":"open","ping_status":"open","sticky":false,"template":"","format":"standard","meta":[],"categories":[110],"tags":[79,80,69,71,72],"yoast_head":"<!-- This site is optimized with the Yoast SEO plugin v19.8 - https:\/\/yoast.com\/wordpress\/plugins\/seo\/ -->\n<title>Wollfest R\u00fcckblick No. 1: WollLandia 1 in Kieselbronn - Crenali handmade bloggt<\/title>\n<meta name=\"description\" content=\"Komm mit auf eine Reise zu WollLandia 1 | Bunte Fasern | Handgef\u00e4rbte Wolle | Drechselkunst | Mit dabei: Crenali handmade | nat\u00fcrlich umgarnt\" \/>\n<meta name=\"robots\" content=\"index, follow, max-snippet:-1, max-image-preview:large, max-video-preview:-1\" \/>\n<link rel=\"canonical\" href=\"https:\/\/shop.crenali.de\/blog\/wollfest-rueckblick-no-1-wolllandia-1-in-kieselbronn\/\" \/>\n<meta property=\"og:locale\" content=\"de_DE\" \/>\n<meta property=\"og:type\" content=\"article\" \/>\n<meta property=\"og:title\" content=\"Wollfest R\u00fcckblick No. 1: WollLandia 1 in Kieselbronn - Crenali handmade bloggt\" \/>\n<meta property=\"og:description\" content=\"Komm mit auf eine Reise zu WollLandia 1 | Bunte Fasern | Handgef\u00e4rbte Wolle | Drechselkunst | Mit dabei: Crenali handmade | nat\u00fcrlich umgarnt\" \/>\n<meta property=\"og:url\" content=\"https:\/\/shop.crenali.de\/blog\/wollfest-rueckblick-no-1-wolllandia-1-in-kieselbronn\/\" \/>\n<meta property=\"og:site_name\" content=\"Crenali handmade bloggt\" \/>\n<meta property=\"article:publisher\" content=\"https:\/\/www.fb.com\/crenali\" \/>\n<meta property=\"article:author\" content=\"https:\/\/www.facebook.com\/crenali\" \/>\n<meta property=\"article:published_time\" content=\"2020-11-19T10:50:52+00:00\" \/>\n<meta property=\"article:modified_time\" content=\"2021-02-01T17:22:09+00:00\" \/>\n<meta property=\"og:image\" content=\"https:\/\/shop.crenali.de\/blog\/wp-content\/uploads\/2020\/11\/1-2-1024x1024.png\" \/>\n<meta name=\"author\" content=\"Dorothea J. Richter\" \/>\n<meta name=\"twitter:card\" content=\"summary_large_image\" \/>\n<meta name=\"twitter:label1\" content=\"Verfasst von\" \/>\n\t<meta name=\"twitter:data1\" content=\"Dorothea J. Richter\" \/>\n\t<meta name=\"twitter:label2\" content=\"Gesch\u00e4tzte Lesezeit\" \/>\n\t<meta name=\"twitter:data2\" content=\"5 Minuten\" \/>\n<script type=\"application\/ld+json\" class=\"yoast-schema-graph\">{\"@context\":\"https:\/\/schema.org\",\"@graph\":[{\"@type\":\"Article\",\"@id\":\"https:\/\/shop.crenali.de\/blog\/wollfest-rueckblick-no-1-wolllandia-1-in-kieselbronn\/#article\",\"isPartOf\":{\"@id\":\"https:\/\/shop.crenali.de\/blog\/wollfest-rueckblick-no-1-wolllandia-1-in-kieselbronn\/\"},\"author\":{\"name\":\"Dorothea J. Richter\",\"@id\":\"https:\/\/shop.crenali.de\/blog\/#\/schema\/person\/2f9f3e49b300308c8aaf11894b7484af\"},\"headline\":\"Wollfest R\u00fcckblick No. 1: WollLandia 1 in Kieselbronn\",\"datePublished\":\"2020-11-19T10:50:52+00:00\",\"dateModified\":\"2021-02-01T17:22:09+00:00\",\"mainEntityOfPage\":{\"@id\":\"https:\/\/shop.crenali.de\/blog\/wollfest-rueckblick-no-1-wolllandia-1-in-kieselbronn\/\"},\"wordCount\":721,\"commentCount\":2,\"publisher\":{\"@id\":\"https:\/\/shop.crenali.de\/blog\/#organization\"},\"keywords\":[\"Marktbericht\",\"R\u00fcckblick\",\"Wollfest\",\"WollLandia\",\"Wollparty\"],\"articleSection\":[\"WollFeste\"],\"inLanguage\":\"de-DE\",\"potentialAction\":[{\"@type\":\"CommentAction\",\"name\":\"Comment\",\"target\":[\"https:\/\/shop.crenali.de\/blog\/wollfest-rueckblick-no-1-wolllandia-1-in-kieselbronn\/#respond\"]}]},{\"@type\":\"WebPage\",\"@id\":\"https:\/\/shop.crenali.de\/blog\/wollfest-rueckblick-no-1-wolllandia-1-in-kieselbronn\/\",\"url\":\"https:\/\/shop.crenali.de\/blog\/wollfest-rueckblick-no-1-wolllandia-1-in-kieselbronn\/\",\"name\":\"Wollfest R\u00fcckblick No. 1: WollLandia 1 in Kieselbronn - Crenali handmade bloggt\",\"isPartOf\":{\"@id\":\"https:\/\/shop.crenali.de\/blog\/#website\"},\"datePublished\":\"2020-11-19T10:50:52+00:00\",\"dateModified\":\"2021-02-01T17:22:09+00:00\",\"description\":\"Komm mit auf eine Reise zu WollLandia 1 | Bunte Fasern | Handgef\u00e4rbte Wolle | Drechselkunst | Mit dabei: Crenali handmade | nat\u00fcrlich umgarnt\",\"breadcrumb\":{\"@id\":\"https:\/\/shop.crenali.de\/blog\/wollfest-rueckblick-no-1-wolllandia-1-in-kieselbronn\/#breadcrumb\"},\"inLanguage\":\"de-DE\",\"potentialAction\":[{\"@type\":\"ReadAction\",\"target\":[\"https:\/\/shop.crenali.de\/blog\/wollfest-rueckblick-no-1-wolllandia-1-in-kieselbronn\/\"]}]},{\"@type\":\"BreadcrumbList\",\"@id\":\"https:\/\/shop.crenali.de\/blog\/wollfest-rueckblick-no-1-wolllandia-1-in-kieselbronn\/#breadcrumb\",\"itemListElement\":[{\"@type\":\"ListItem\",\"position\":1,\"name\":\"Startseite\",\"item\":\"https:\/\/shop.crenali.de\/blog\/\"},{\"@type\":\"ListItem\",\"position\":2,\"name\":\"Wollfest R\u00fcckblick No. 1: WollLandia 1 in Kieselbronn\"}]},{\"@type\":\"WebSite\",\"@id\":\"https:\/\/shop.crenali.de\/blog\/#website\",\"url\":\"https:\/\/shop.crenali.de\/blog\/\",\"name\":\"Crenali handmade bloggt\",\"description\":\"Jetzt reden wir Klartext!\",\"publisher\":{\"@id\":\"https:\/\/shop.crenali.de\/blog\/#organization\"},\"potentialAction\":[{\"@type\":\"SearchAction\",\"target\":{\"@type\":\"EntryPoint\",\"urlTemplate\":\"https:\/\/shop.crenali.de\/blog\/?s={search_term_string}\"},\"query-input\":\"required name=search_term_string\"}],\"inLanguage\":\"de-DE\"},{\"@type\":\"Organization\",\"@id\":\"https:\/\/shop.crenali.de\/blog\/#organization\",\"name\":\"Crenali handmade\",\"url\":\"https:\/\/shop.crenali.de\/blog\/\",\"sameAs\":[\"https:\/\/www.instagram.com\/creative.natural.living\",\"https:\/\/www.linkedin.com\/in\/crenali\/\",\"https:\/\/www.pinterest.de\/Crenali\/\",\"https:\/\/www.fb.com\/crenali\"],\"logo\":{\"@type\":\"ImageObject\",\"inLanguage\":\"de-DE\",\"@id\":\"https:\/\/shop.crenali.de\/blog\/#\/schema\/logo\/image\/\",\"url\":\"https:\/\/shop.crenali.de\/blog\/wp-content\/uploads\/2020\/05\/cropped-Crenali_Logo-01-2.png\",\"contentUrl\":\"https:\/\/shop.crenali.de\/blog\/wp-content\/uploads\/2020\/05\/cropped-Crenali_Logo-01-2.png\",\"width\":250,\"height\":250,\"caption\":\"Crenali handmade\"},\"image\":{\"@id\":\"https:\/\/shop.crenali.de\/blog\/#\/schema\/logo\/image\/\"}},{\"@type\":\"Person\",\"@id\":\"https:\/\/shop.crenali.de\/blog\/#\/schema\/person\/2f9f3e49b300308c8aaf11894b7484af\",\"name\":\"Dorothea J. Richter\",\"image\":{\"@type\":\"ImageObject\",\"inLanguage\":\"de-DE\",\"@id\":\"https:\/\/shop.crenali.de\/blog\/#\/schema\/person\/image\/\",\"url\":\"https:\/\/secure.gravatar.com\/avatar\/a9859ef6d0982f1955ddcd9d2b0bc32d?s=96&d=mm&r=g\",\"contentUrl\":\"https:\/\/secure.gravatar.com\/avatar\/a9859ef6d0982f1955ddcd9d2b0bc32d?s=96&d=mm&r=g\",\"caption\":\"Dorothea J. Richter\"},\"sameAs\":[\"https:\/\/shop.crenali.de\/blog\",\"https:\/\/www.facebook.com\/crenali\",\"https:\/\/www.instagram.com\/creative.natural.living\"]}]}<\/script>\n<!-- \/ Yoast SEO plugin. -->","yoast_head_json":{"title":"Wollfest R\u00fcckblick No. 1: WollLandia 1 in Kieselbronn - Crenali handmade bloggt","description":"Komm mit auf eine Reise zu WollLandia 1 | Bunte Fasern | Handgef\u00e4rbte Wolle | Drechselkunst | Mit dabei: Crenali handmade | nat\u00fcrlich umgarnt","robots":{"index":"index","follow":"follow","max-snippet":"max-snippet:-1","max-image-preview":"max-image-preview:large","max-video-preview":"max-video-preview:-1"},"canonical":"https:\/\/shop.crenali.de\/blog\/wollfest-rueckblick-no-1-wolllandia-1-in-kieselbronn\/","og_locale":"de_DE","og_type":"article","og_title":"Wollfest R\u00fcckblick No. 1: WollLandia 1 in Kieselbronn - Crenali handmade bloggt","og_description":"Komm mit auf eine Reise zu WollLandia 1 | Bunte Fasern | Handgef\u00e4rbte Wolle | Drechselkunst | Mit dabei: Crenali handmade | nat\u00fcrlich umgarnt","og_url":"https:\/\/shop.crenali.de\/blog\/wollfest-rueckblick-no-1-wolllandia-1-in-kieselbronn\/","og_site_name":"Crenali handmade bloggt","article_publisher":"https:\/\/www.fb.com\/crenali","article_author":"https:\/\/www.facebook.com\/crenali","article_published_time":"2020-11-19T10:50:52+00:00","article_modified_time":"2021-02-01T17:22:09+00:00","og_image":[{"url":"https:\/\/shop.crenali.de\/blog\/wp-content\/uploads\/2020\/11\/1-2-1024x1024.png"}],"author":"Dorothea J. Richter","twitter_card":"summary_large_image","twitter_misc":{"Verfasst von":"Dorothea J. Richter","Gesch\u00e4tzte Lesezeit":"5 Minuten"},"schema":{"@context":"https:\/\/schema.org","@graph":[{"@type":"Article","@id":"https:\/\/shop.crenali.de\/blog\/wollfest-rueckblick-no-1-wolllandia-1-in-kieselbronn\/#article","isPartOf":{"@id":"https:\/\/shop.crenali.de\/blog\/wollfest-rueckblick-no-1-wolllandia-1-in-kieselbronn\/"},"author":{"name":"Dorothea J. Richter","@id":"https:\/\/shop.crenali.de\/blog\/#\/schema\/person\/2f9f3e49b300308c8aaf11894b7484af"},"headline":"Wollfest R\u00fcckblick No. 1: WollLandia 1 in Kieselbronn","datePublished":"2020-11-19T10:50:52+00:00","dateModified":"2021-02-01T17:22:09+00:00","mainEntityOfPage":{"@id":"https:\/\/shop.crenali.de\/blog\/wollfest-rueckblick-no-1-wolllandia-1-in-kieselbronn\/"},"wordCount":721,"commentCount":2,"publisher":{"@id":"https:\/\/shop.crenali.de\/blog\/#organization"},"keywords":["Marktbericht","R\u00fcckblick","Wollfest","WollLandia","Wollparty"],"articleSection":["WollFeste"],"inLanguage":"de-DE","potentialAction":[{"@type":"CommentAction","name":"Comment","target":["https:\/\/shop.crenali.de\/blog\/wollfest-rueckblick-no-1-wolllandia-1-in-kieselbronn\/#respond"]}]},{"@type":"WebPage","@id":"https:\/\/shop.crenali.de\/blog\/wollfest-rueckblick-no-1-wolllandia-1-in-kieselbronn\/","url":"https:\/\/shop.crenali.de\/blog\/wollfest-rueckblick-no-1-wolllandia-1-in-kieselbronn\/","name":"Wollfest R\u00fcckblick No. 1: WollLandia 1 in Kieselbronn - Crenali handmade bloggt","isPartOf":{"@id":"https:\/\/shop.crenali.de\/blog\/#website"},"datePublished":"2020-11-19T10:50:52+00:00","dateModified":"2021-02-01T17:22:09+00:00","description":"Komm mit auf eine Reise zu WollLandia 1 | Bunte Fasern | Handgef\u00e4rbte Wolle | Drechselkunst | Mit dabei: Crenali handmade | nat\u00fcrlich umgarnt","breadcrumb":{"@id":"https:\/\/shop.crenali.de\/blog\/wollfest-rueckblick-no-1-wolllandia-1-in-kieselbronn\/#breadcrumb"},"inLanguage":"de-DE","potentialAction":[{"@type":"ReadAction","target":["https:\/\/shop.crenali.de\/blog\/wollfest-rueckblick-no-1-wolllandia-1-in-kieselbronn\/"]}]},{"@type":"BreadcrumbList","@id":"https:\/\/shop.crenali.de\/blog\/wollfest-rueckblick-no-1-wolllandia-1-in-kieselbronn\/#breadcrumb","itemListElement":[{"@type":"ListItem","position":1,"name":"Startseite","item":"https:\/\/shop.crenali.de\/blog\/"},{"@type":"ListItem","position":2,"name":"Wollfest R\u00fcckblick No. 1: WollLandia 1 in Kieselbronn"}]},{"@type":"WebSite","@id":"https:\/\/shop.crenali.de\/blog\/#website","url":"https:\/\/shop.crenali.de\/blog\/","name":"Crenali handmade bloggt","description":"Jetzt reden wir Klartext!","publisher":{"@id":"https:\/\/shop.crenali.de\/blog\/#organization"},"potentialAction":[{"@type":"SearchAction","target":{"@type":"EntryPoint","urlTemplate":"https:\/\/shop.crenali.de\/blog\/?s={search_term_string}"},"query-input":"required name=search_term_string"}],"inLanguage":"de-DE"},{"@type":"Organization","@id":"https:\/\/shop.crenali.de\/blog\/#organization","name":"Crenali handmade","url":"https:\/\/shop.crenali.de\/blog\/","sameAs":["https:\/\/www.instagram.com\/creative.natural.living","https:\/\/www.linkedin.com\/in\/crenali\/","https:\/\/www.pinterest.de\/Crenali\/","https:\/\/www.fb.com\/crenali"],"logo":{"@type":"ImageObject","inLanguage":"de-DE","@id":"https:\/\/shop.crenali.de\/blog\/#\/schema\/logo\/image\/","url":"https:\/\/shop.crenali.de\/blog\/wp-content\/uploads\/2020\/05\/cropped-Crenali_Logo-01-2.png","contentUrl":"https:\/\/shop.crenali.de\/blog\/wp-content\/uploads\/2020\/05\/cropped-Crenali_Logo-01-2.png","width":250,"height":250,"caption":"Crenali handmade"},"image":{"@id":"https:\/\/shop.crenali.de\/blog\/#\/schema\/logo\/image\/"}},{"@type":"Person","@id":"https:\/\/shop.crenali.de\/blog\/#\/schema\/person\/2f9f3e49b300308c8aaf11894b7484af","name":"Dorothea J. Richter","image":{"@type":"ImageObject","inLanguage":"de-DE","@id":"https:\/\/shop.crenali.de\/blog\/#\/schema\/person\/image\/","url":"https:\/\/secure.gravatar.com\/avatar\/a9859ef6d0982f1955ddcd9d2b0bc32d?s=96&d=mm&r=g","contentUrl":"https:\/\/secure.gravatar.com\/avatar\/a9859ef6d0982f1955ddcd9d2b0bc32d?s=96&d=mm&r=g","caption":"Dorothea J. Richter"},"sameAs":["https:\/\/shop.crenali.de\/blog","https:\/\/www.facebook.com\/crenali","https:\/\/www.instagram.com\/creative.natural.living"]}]}},"_links":{"self":[{"href":"https:\/\/shop.crenali.de\/blog\/wp-json\/wp\/v2\/posts\/122"}],"collection":[{"href":"https:\/\/shop.crenali.de\/blog\/wp-json\/wp\/v2\/posts"}],"about":[{"href":"https:\/\/shop.crenali.de\/blog\/wp-json\/wp\/v2\/types\/post"}],"author":[{"embeddable":true,"href":"https:\/\/shop.crenali.de\/blog\/wp-json\/wp\/v2\/users\/1"}],"replies":[{"embeddable":true,"href":"https:\/\/shop.crenali.de\/blog\/wp-json\/wp\/v2\/comments?post=122"}],"version-history":[{"count":2,"href":"https:\/\/shop.crenali.de\/blog\/wp-json\/wp\/v2\/posts\/122\/revisions"}],"predecessor-version":[{"id":365,"href":"https:\/\/shop.crenali.de\/blog\/wp-json\/wp\/v2\/posts\/122\/revisions\/365"}],"wp:attachment":[{"href":"https:\/\/shop.crenali.de\/blog\/wp-json\/wp\/v2\/media?parent=122"}],"wp:term":[{"taxonomy":"category","embeddable":true,"href":"https:\/\/shop.crenali.de\/blog\/wp-json\/wp\/v2\/categories?post=122"},{"taxonomy":"post_tag","embeddable":true,"href":"https:\/\/shop.crenali.de\/blog\/wp-json\/wp\/v2\/tags?post=122"}],"curies":[{"name":"wp","href":"https:\/\/api.w.org\/{rel}","templated":true}]}}