{"id":141,"date":"2020-12-06T18:41:17","date_gmt":"2020-12-06T17:41:17","guid":{"rendered":"https:\/\/shop.crenali.de\/blog\/?p=141"},"modified":"2021-02-01T18:21:14","modified_gmt":"2021-02-01T17:21:14","slug":"wollfest-rueckblick-no-2-wollfestival-hamburg-2018","status":"publish","type":"post","link":"https:\/\/shop.crenali.de\/blog\/wollfest-rueckblick-no-2-wollfestival-hamburg-2018\/","title":{"rendered":"Wollfest R\u00fcckblick No. 2: Wollfestival Hamburg 2018"},"content":{"rendered":"\n<p>Kampf dem Corona-Blues \ud83d\udcaa\ud83c\udffc Heute reisen wir gemeinsam nach Hamburg zum Wollfestival Hamburg &#8211; ich gestehe: Hamburg ist meine Lieblings Hanse und ich habe mein Herz schon in meiner Kindheit dorthin verloren.<\/p>\n\n\n\n<p>Entsprechend war es f\u00fcr mich keine 2 Sekunden \u00dcberlegung, als die Anfrage kam, ob ich als Ausstellerin dabei sein m\u00f6chte. \ud83d\ude0e<\/p>\n\n\n\n<p>Und was auch sofort klar war: Wenn ich schon durch die gesamte Nation anreise, dann nicht nur f\u00fcr das Wollfestival! <\/p>\n\n\n\n<div id=\"ez-toc-container\" class=\"ez-toc-v2_0_34 counter-hierarchy ez-toc-counter ez-toc-light-blue ez-toc-container-direction\">\n<div class=\"ez-toc-title-container\">\n<p class=\"ez-toc-title\">Diese Themen erwarten dich im Blogartikel:<\/p>\n<span class=\"ez-toc-title-toggle\"><\/span><\/div>\n<nav><ul class='ez-toc-list ez-toc-list-level-1'><li class='ez-toc-page-1 ez-toc-heading-level-2'><a class=\"ez-toc-link ez-toc-heading-1\" href=\"https:\/\/shop.crenali.de\/blog\/wollfest-rueckblick-no-2-wollfestival-hamburg-2018\/#location-forum-finkenau-der-haw-hamburg\" title=\"Location: Forum Finkenau der HAW Hamburg\">Location: Forum Finkenau der HAW Hamburg<\/a><\/li><li class='ez-toc-page-1 ez-toc-heading-level-2'><a class=\"ez-toc-link ez-toc-heading-2\" href=\"https:\/\/shop.crenali.de\/blog\/wollfest-rueckblick-no-2-wollfestival-hamburg-2018\/#rund-um-das-hamburger-wollfestival\" title=\"Rund um das Hamburger Wollfestival\">Rund um das Hamburger Wollfestival<\/a><\/li><li class='ez-toc-page-1 ez-toc-heading-level-2'><a class=\"ez-toc-link ez-toc-heading-3\" href=\"https:\/\/shop.crenali.de\/blog\/wollfest-rueckblick-no-2-wollfestival-hamburg-2018\/#kollegen-unter-sich-auf-dem-wollfestival-hamburg\" title=\"Kollegen unter sich auf dem Wollfestival Hamburg\">Kollegen unter sich auf dem Wollfestival Hamburg<\/a><\/li><li class='ez-toc-page-1 ez-toc-heading-level-2'><a class=\"ez-toc-link ez-toc-heading-4\" href=\"https:\/\/shop.crenali.de\/blog\/wollfest-rueckblick-no-2-wollfestival-hamburg-2018\/#besucher-auf-dem-wollfestival-hamburg\" title=\"Besucher auf dem Wollfestival Hamburg\">Besucher auf dem Wollfestival Hamburg<\/a><\/li><li class='ez-toc-page-1 ez-toc-heading-level-2'><a class=\"ez-toc-link ez-toc-heading-5\" href=\"https:\/\/shop.crenali.de\/blog\/wollfest-rueckblick-no-2-wollfestival-hamburg-2018\/#auszeit-als-belohnung\" title=\"Auszeit als Belohnung\">Auszeit als Belohnung<\/a><\/li><\/ul><\/nav><\/div>\n<h2><span class=\"ez-toc-section\" id=\"location-forum-finkenau-der-haw-hamburg\"><\/span>Location: Forum Finkenau der HAW Hamburg<span class=\"ez-toc-section-end\"><\/span><\/h2>\n\n\n\n<p>Ich kenne und liebe Hamburg &#8211; dennoch hatten wir etwas M\u00fche die Location bepackt mit unseren Standutensilien zu finden. Als wir jedoch den Innenhof entdeckt hatten, an dem wir ausladen durften, ging es dann direkt rund.<\/p>\n\n\n\n<p>Wer ist eigentlich wir? Ich m\u00f6chte es dir sehr gerne verraten \ud83d\ude43 Ich durfte in Hamburg auf die Unterst\u00fctzung von Sabine z\u00e4hlen, die du vielleicht schon von den tollen get\u00f6pferten Garnschalen kennst. Aber Achtung &#8211; ihre get\u00f6pferten Sachen haben absolutes Suchtpotential. \ud83e\udd13 (Werbung unbezahlt, aber von Herzen: Bine\u00b4s Werkstatt f\u00fcr Gartenkeramik &#8211; zu finden zum Beispiel auf facebook)<\/p>\n\n\n\n<p>Au\u00dfer uns wollten das allerdings auch alle anderen Aussteller*innen tun, was bedeutete, dass wir alle ein wenig Slalom laufen mussten, da alle in einem Raum ihre St\u00e4nde hatten.<\/p>\n\n\n\n<p>Aber wir sind ja ge\u00fcbt und die Woll-Familie ist sehr herzlich, so dass wir das alle gut meistern konnten. \ud83e\udd17<\/p>\n\n\n\n<figure class=\"wp-block-image size-large\"><img loading=\"lazy\" width=\"1024\" height=\"1024\" src=\"https:\/\/shop.crenali.de\/blog\/wp-content\/uploads\/2020\/12\/1-1-1024x1024.png\" alt=\"Wollfestival Hamburg 2018 - \u00f6kologisch und fair\" class=\"wp-image-142\" srcset=\"https:\/\/shop.crenali.de\/blog\/wp-content\/uploads\/2020\/12\/1-1-1024x1024.png 1024w, https:\/\/shop.crenali.de\/blog\/wp-content\/uploads\/2020\/12\/1-1-300x300.png 300w, https:\/\/shop.crenali.de\/blog\/wp-content\/uploads\/2020\/12\/1-1-150x150.png 150w, https:\/\/shop.crenali.de\/blog\/wp-content\/uploads\/2020\/12\/1-1-768x768.png 768w, https:\/\/shop.crenali.de\/blog\/wp-content\/uploads\/2020\/12\/1-1-100x100.png 100w, https:\/\/shop.crenali.de\/blog\/wp-content\/uploads\/2020\/12\/1-1.png 1080w\" sizes=\"(max-width: 767px) 89vw, (max-width: 1000px) 54vw, (max-width: 1071px) 543px, 580px\" \/><figcaption>Logo des Hamburger Wollfestivals 2018<\/figcaption><\/figure>\n\n\n\n<!--more-->\n\n\n\n<h2><span class=\"ez-toc-section\" id=\"rund-um-das-hamburger-wollfestival\"><\/span>Rund um das Hamburger Wollfestival<span class=\"ez-toc-section-end\"><\/span><\/h2>\n\n\n\n<p>Mit seinen rund 20 Aussteller*innen war das Wollfestival Hamburg 2018 vermutlich das kleinste Fest, auf dem wir bisher waren. Au\u00dferdem war das Motto &#8222;\u00f6kologisch und fair&#8220; &#8211; jegliche Produkte mit Seide waren beispielsweise ausgeschlossen.<\/p>\n\n\n\n<p>Damit musste ich mich mit dem Sortiment ein klein wenig umstellen, was bis heute aber einige Topseller hervorgebracht hat. Unsere Copima zum Beispiel. \ud83d\ude43<\/p>\n\n\n\n<figure class=\"wp-block-image size-large\"><img loading=\"lazy\" width=\"1024\" height=\"1024\" src=\"https:\/\/shop.crenali.de\/blog\/wp-content\/uploads\/2020\/12\/2-1-1024x1024.png\" alt=\"Standaufbau auf dem Hamburger Wollfestival mal anders - Platz ist in der kleinsten H\u00fctte\" class=\"wp-image-143\" srcset=\"https:\/\/shop.crenali.de\/blog\/wp-content\/uploads\/2020\/12\/2-1-1024x1024.png 1024w, https:\/\/shop.crenali.de\/blog\/wp-content\/uploads\/2020\/12\/2-1-300x300.png 300w, https:\/\/shop.crenali.de\/blog\/wp-content\/uploads\/2020\/12\/2-1-150x150.png 150w, https:\/\/shop.crenali.de\/blog\/wp-content\/uploads\/2020\/12\/2-1-768x768.png 768w, https:\/\/shop.crenali.de\/blog\/wp-content\/uploads\/2020\/12\/2-1-100x100.png 100w, https:\/\/shop.crenali.de\/blog\/wp-content\/uploads\/2020\/12\/2-1.png 1080w\" sizes=\"(max-width: 767px) 89vw, (max-width: 1000px) 54vw, (max-width: 1071px) 543px, 580px\" \/><figcaption>Der Crenali Stand &#8211; klein aber fein \ud83d\ude09<\/figcaption><\/figure>\n\n\n\n<h2><span class=\"ez-toc-section\" id=\"kollegen-unter-sich-auf-dem-wollfestival-hamburg\"><\/span>Kollegen unter sich auf dem Wollfestival Hamburg<span class=\"ez-toc-section-end\"><\/span><\/h2>\n\n\n\n<p>Tats\u00e4chlich genie\u00dfen wir Aussteller hin und wieder auch mal ein paar Minuten &#8222;unter uns&#8220; &#8211; f\u00fcr Austausch, Atem holen oder nur, um sich mal ein wenig die Beine zu vertreten und den R\u00fccken zu lockern. Dabei gibt es immer wieder ganz tolle Gespr\u00e4che und ich geniesse diese Zeiten auch immer sehr.<\/p>\n\n\n\n<p>In Hamburg durfte ich neben Silke von Yundi und Grete meinen Stand haben und was soll ich sagen? Jederzeit wieder!<\/p>\n\n\n\n<p>Aber auch mit anderen Kolleg*innen wurde viel geschnackt, gelacht und mehr.<\/p>\n\n\n\n<figure class=\"wp-block-image size-large\"><img loading=\"lazy\" width=\"1080\" height=\"1080\" src=\"https:\/\/shop.crenali.de\/blog\/wp-content\/uploads\/2020\/12\/4-1024x1024.png\" alt=\"Viele tolle Menschen wurden getroffen.\" class=\"wp-image-144\" srcset=\"https:\/\/shop.crenali.de\/blog\/wp-content\/uploads\/2020\/12\/4-1024x1024.png 1024w, https:\/\/shop.crenali.de\/blog\/wp-content\/uploads\/2020\/12\/4-300x300.png 300w, https:\/\/shop.crenali.de\/blog\/wp-content\/uploads\/2020\/12\/4-150x150.png 150w, https:\/\/shop.crenali.de\/blog\/wp-content\/uploads\/2020\/12\/4-768x768.png 768w, https:\/\/shop.crenali.de\/blog\/wp-content\/uploads\/2020\/12\/4-100x100.png 100w, https:\/\/shop.crenali.de\/blog\/wp-content\/uploads\/2020\/12\/4.png 1080w\" sizes=\"(max-width: 767px) 89vw, (max-width: 1000px) 54vw, (max-width: 1071px) 543px, 580px\" \/><figcaption>Klassentreffen pur: Luna Wollfee, Kerstin Leonhard von Meerwolle und Silke Trousil von Yundi und Grethe<\/figcaption><\/figure>\n\n\n\n<p>Was mich besonders freute war ein Besuch, mit dem ich absolut nicht gerechnet hatte. Luna Wollfee kam extra aus Solingen, um mich zu \u00fcberraschen &#8211; und diese war absolut gelungen, denn damit hatte ich nicht gerechnet.<\/p>\n\n\n\n<p>Norden, S\u00fcden, Westen und Osten wurden gemischt und zeigt: Die Wollfamilie kommt aus allen Ecken der Nation.<\/p>\n\n\n\n<figure class=\"wp-block-image size-large\"><img loading=\"lazy\" width=\"1024\" height=\"1024\" src=\"https:\/\/shop.crenali.de\/blog\/wp-content\/uploads\/2020\/12\/5-1024x1024.png\" alt=\"Mascha von L\u00fcttMarie | Kerstin von MeerWolle | Sabine von Bine\u00b4s Keramikwerkstatt mit mir\" class=\"wp-image-145\" srcset=\"https:\/\/shop.crenali.de\/blog\/wp-content\/uploads\/2020\/12\/5-1024x1024.png 1024w, https:\/\/shop.crenali.de\/blog\/wp-content\/uploads\/2020\/12\/5-300x300.png 300w, https:\/\/shop.crenali.de\/blog\/wp-content\/uploads\/2020\/12\/5-150x150.png 150w, https:\/\/shop.crenali.de\/blog\/wp-content\/uploads\/2020\/12\/5-768x768.png 768w, https:\/\/shop.crenali.de\/blog\/wp-content\/uploads\/2020\/12\/5-100x100.png 100w, https:\/\/shop.crenali.de\/blog\/wp-content\/uploads\/2020\/12\/5.png 1080w\" sizes=\"(max-width: 767px) 89vw, (max-width: 1000px) 54vw, (max-width: 1071px) 543px, 580px\" \/><figcaption>M\u00e4dels, ich vermisse euch! Gru\u00df zu Yvee, Kerstin und Sabine. \u2764\ufe0f<\/figcaption><\/figure>\n\n\n\n<h2><span class=\"ez-toc-section\" id=\"besucher-auf-dem-wollfestival-hamburg\"><\/span>Besucher auf dem Wollfestival Hamburg<span class=\"ez-toc-section-end\"><\/span><\/h2>\n\n\n\n<p>Durch die Location mit einem Ein- und einem Ausgang gab es eine Art Rundlauf, so dass es sich hin und wieder am Stand etwas staute. Anstrengend f\u00fcr die Besucher, aber auch f\u00fcr die Aussteller. Man hatte relativ wenig M\u00f6glichkeit mal ein paar (mehr) Worte zu wechseln. Nichts desto trotz haben sich die Besucher*innen von Stand zu Stand gek\u00e4mpft und neben ihren Workshops auch fleissig Wolle geshoppt. Das m\u00f6gen wir ja immer sehr, denn dann m\u00fcssen wir nicht mehr so viel einpacken. \ud83d\ude09<\/p>\n\n\n\n<figure class=\"wp-block-image size-large\"><img loading=\"lazy\" width=\"1024\" height=\"1024\" src=\"https:\/\/shop.crenali.de\/blog\/wp-content\/uploads\/2020\/12\/6-1024x1024.png\" alt=\"Taschen statt Kisten - Packen macht trotzdem wenig Spa\u00df\" class=\"wp-image-147\" srcset=\"https:\/\/shop.crenali.de\/blog\/wp-content\/uploads\/2020\/12\/6-1024x1024.png 1024w, https:\/\/shop.crenali.de\/blog\/wp-content\/uploads\/2020\/12\/6-300x300.png 300w, https:\/\/shop.crenali.de\/blog\/wp-content\/uploads\/2020\/12\/6-150x150.png 150w, https:\/\/shop.crenali.de\/blog\/wp-content\/uploads\/2020\/12\/6-768x768.png 768w, https:\/\/shop.crenali.de\/blog\/wp-content\/uploads\/2020\/12\/6-100x100.png 100w, https:\/\/shop.crenali.de\/blog\/wp-content\/uploads\/2020\/12\/6.png 1080w\" sizes=\"(max-width: 767px) 89vw, (max-width: 1000px) 54vw, (max-width: 1071px) 543px, 580px\" \/><figcaption>Packen. Ich liebe es. Nicht.<\/figcaption><\/figure>\n\n\n\n<h2><span class=\"ez-toc-section\" id=\"auszeit-als-belohnung\"><\/span>Auszeit als Belohnung<span class=\"ez-toc-section-end\"><\/span><\/h2>\n\n\n\n<p>2 Tage Wollfestival und heim? Neiiiiin &#8211; sicher nicht. Nicht bei meiner Lieblingshanse und einem grandiosen Hotel.<\/p>\n\n\n\n<p>Ich will jetzt gar nicht mit Essens- und Stadtfotos langweilen, aber eines verrate ich: Wir wurden gustatorisch definitiv verw\u00f6hnt. Syrisch, Indisch, Japanisch, Deutsch, Italienisch, und und und &#8211; man k\u00f6nnte meinen, wir waren ein Jahr dort. \ud83d\ude05<\/p>\n\n\n\n<p>Auch Museen wurden gest\u00fcrmt und ich hab mir ein paar neue Schuhe geg\u00f6nnt &#8211; ich habe n\u00e4mlich festgestellt, dass man in einer Gro\u00dfstadt etwas schr\u00e4g angeschaut wird, wenn man barfuss an der Alster entlang l\u00e4uft&#8230; \ud83d\ude43<\/p>\n\n\n\n<p>Sollte es in Hamburg wieder einmal das Wollfestival Hamburg geben: Wir sind wieder dabei. Allein schon wegen der tollen Atmosph\u00e4re dieser Hansestadt. \u2764\ufe0f<\/p>\n\n\n\n<figure class=\"wp-block-image size-large\"><img loading=\"lazy\" width=\"1024\" height=\"1024\" src=\"https:\/\/shop.crenali.de\/blog\/wp-content\/uploads\/2020\/12\/7-1024x1024.png\" alt=\"Hamburger Binnenalster mit Blick auf den Fernsehturm\" class=\"wp-image-148\" srcset=\"https:\/\/shop.crenali.de\/blog\/wp-content\/uploads\/2020\/12\/7-1024x1024.png 1024w, https:\/\/shop.crenali.de\/blog\/wp-content\/uploads\/2020\/12\/7-300x300.png 300w, https:\/\/shop.crenali.de\/blog\/wp-content\/uploads\/2020\/12\/7-150x150.png 150w, https:\/\/shop.crenali.de\/blog\/wp-content\/uploads\/2020\/12\/7-768x768.png 768w, https:\/\/shop.crenali.de\/blog\/wp-content\/uploads\/2020\/12\/7-100x100.png 100w, https:\/\/shop.crenali.de\/blog\/wp-content\/uploads\/2020\/12\/7.png 1080w\" sizes=\"(max-width: 767px) 89vw, (max-width: 1000px) 54vw, (max-width: 1071px) 543px, 580px\" \/><\/figure>\n\n\n\n<p>Wenn du wissen willst, wohin die n\u00e4chste Reise ging, dann schau unbedingt kommende Woche wieder vorbei!<\/p>\n\n\n\n<p>Alle Beitr\u00e4ge zu Wollfest R\u00fcckblicken findest du \u00fcbrigens hier:<\/p>\n\n\n\n<div class=\"wp-container-1 wp-block-buttons aligncenter\">\n<div class=\"wp-block-button\"><a class=\"wp-block-button__link\" href=\"https:\/\/shop.crenali.de\/blog\/category\/wollfeste\/\" target=\"_blank\" rel=\"noreferrer noopener\">Wollfest R\u00fcckblicke &#8211; \u00dcbersicht<\/a><\/div>\n<\/div>\n\n\n\n<p><\/p>\n","protected":false},"excerpt":{"rendered":"<p>Kampf dem Corona-Blues \ud83d\udcaa\ud83c\udffc Heute reisen wir gemeinsam nach Hamburg zum Wollfestival Hamburg &#8211; ich gestehe: Hamburg ist meine Lieblings Hanse und ich habe mein Herz schon in meiner Kindheit dorthin verloren. Entsprechend war es f\u00fcr mich keine 2 Sekunden \u00dcberlegung, als die Anfrage kam, ob ich als Ausstellerin dabei sein m\u00f6chte. \ud83d\ude0e Und was &hellip; <\/p>\n<p class=\"link-more\"><a href=\"https:\/\/shop.crenali.de\/blog\/wollfest-rueckblick-no-2-wollfestival-hamburg-2018\/\" class=\"more-link\"><span class=\"screen-reader-text\">\u201eWollfest R\u00fcckblick No. 2: Wollfestival Hamburg 2018\u201c<\/span> weiterlesen<\/a><\/p>\n","protected":false},"author":1,"featured_media":0,"comment_status":"open","ping_status":"open","sticky":false,"template":"","format":"standard","meta":[],"categories":[110],"tags":[79,80,69,84,86],"yoast_head":"<!-- This site is optimized with the Yoast SEO plugin v19.8 - https:\/\/yoast.com\/wordpress\/plugins\/seo\/ -->\n<title>Wollfest R\u00fcckblick No. 2: Wollfestival Hamburg 2018 - Crenali handmade bloggt<\/title>\n<meta name=\"description\" content=\"Hamburg, meine Perle! Wenn du Wolle und Hamburg auch so liebst wie ich, dann lies unbedingt diesen Blogbeitrag zum Wollfestival Hamburg 2018!\" \/>\n<meta name=\"robots\" content=\"index, follow, max-snippet:-1, max-image-preview:large, max-video-preview:-1\" \/>\n<link rel=\"canonical\" href=\"https:\/\/shop.crenali.de\/blog\/wollfest-rueckblick-no-2-wollfestival-hamburg-2018\/\" \/>\n<meta property=\"og:locale\" content=\"de_DE\" \/>\n<meta property=\"og:type\" content=\"article\" \/>\n<meta property=\"og:title\" content=\"Wollfest R\u00fcckblick No. 2: Wollfestival Hamburg 2018 - Crenali handmade bloggt\" \/>\n<meta property=\"og:description\" content=\"Hamburg, meine Perle! Wenn du Wolle und Hamburg auch so liebst wie ich, dann lies unbedingt diesen Blogbeitrag zum Wollfestival Hamburg 2018!\" \/>\n<meta property=\"og:url\" content=\"https:\/\/shop.crenali.de\/blog\/wollfest-rueckblick-no-2-wollfestival-hamburg-2018\/\" \/>\n<meta property=\"og:site_name\" content=\"Crenali handmade bloggt\" \/>\n<meta property=\"article:publisher\" content=\"https:\/\/www.fb.com\/crenali\" \/>\n<meta property=\"article:author\" content=\"https:\/\/www.facebook.com\/crenali\" \/>\n<meta property=\"article:published_time\" content=\"2020-12-06T17:41:17+00:00\" \/>\n<meta property=\"article:modified_time\" content=\"2021-02-01T17:21:14+00:00\" \/>\n<meta property=\"og:image\" content=\"https:\/\/shop.crenali.de\/blog\/wp-content\/uploads\/2020\/12\/1-1-1024x1024.png\" \/>\n<meta name=\"author\" content=\"Dorothea J. Richter\" \/>\n<meta name=\"twitter:card\" content=\"summary_large_image\" \/>\n<meta name=\"twitter:label1\" content=\"Verfasst von\" \/>\n\t<meta name=\"twitter:data1\" content=\"Dorothea J. Richter\" \/>\n\t<meta name=\"twitter:label2\" content=\"Gesch\u00e4tzte Lesezeit\" \/>\n\t<meta name=\"twitter:data2\" content=\"5 Minuten\" \/>\n<script type=\"application\/ld+json\" class=\"yoast-schema-graph\">{\"@context\":\"https:\/\/schema.org\",\"@graph\":[{\"@type\":\"Article\",\"@id\":\"https:\/\/shop.crenali.de\/blog\/wollfest-rueckblick-no-2-wollfestival-hamburg-2018\/#article\",\"isPartOf\":{\"@id\":\"https:\/\/shop.crenali.de\/blog\/wollfest-rueckblick-no-2-wollfestival-hamburg-2018\/\"},\"author\":{\"name\":\"Dorothea J. Richter\",\"@id\":\"https:\/\/shop.crenali.de\/blog\/#\/schema\/person\/2f9f3e49b300308c8aaf11894b7484af\"},\"headline\":\"Wollfest R\u00fcckblick No. 2: Wollfestival Hamburg 2018\",\"datePublished\":\"2020-12-06T17:41:17+00:00\",\"dateModified\":\"2021-02-01T17:21:14+00:00\",\"mainEntityOfPage\":{\"@id\":\"https:\/\/shop.crenali.de\/blog\/wollfest-rueckblick-no-2-wollfestival-hamburg-2018\/\"},\"wordCount\":737,\"commentCount\":0,\"publisher\":{\"@id\":\"https:\/\/shop.crenali.de\/blog\/#organization\"},\"keywords\":[\"Marktbericht\",\"R\u00fcckblick\",\"Wollfest\",\"Wollfestival\",\"Wollfestival Hamburg\"],\"articleSection\":[\"WollFeste\"],\"inLanguage\":\"de-DE\",\"potentialAction\":[{\"@type\":\"CommentAction\",\"name\":\"Comment\",\"target\":[\"https:\/\/shop.crenali.de\/blog\/wollfest-rueckblick-no-2-wollfestival-hamburg-2018\/#respond\"]}]},{\"@type\":\"WebPage\",\"@id\":\"https:\/\/shop.crenali.de\/blog\/wollfest-rueckblick-no-2-wollfestival-hamburg-2018\/\",\"url\":\"https:\/\/shop.crenali.de\/blog\/wollfest-rueckblick-no-2-wollfestival-hamburg-2018\/\",\"name\":\"Wollfest R\u00fcckblick No. 2: Wollfestival Hamburg 2018 - Crenali handmade bloggt\",\"isPartOf\":{\"@id\":\"https:\/\/shop.crenali.de\/blog\/#website\"},\"datePublished\":\"2020-12-06T17:41:17+00:00\",\"dateModified\":\"2021-02-01T17:21:14+00:00\",\"description\":\"Hamburg, meine Perle! Wenn du Wolle und Hamburg auch so liebst wie ich, dann lies unbedingt diesen Blogbeitrag zum Wollfestival Hamburg 2018!\",\"breadcrumb\":{\"@id\":\"https:\/\/shop.crenali.de\/blog\/wollfest-rueckblick-no-2-wollfestival-hamburg-2018\/#breadcrumb\"},\"inLanguage\":\"de-DE\",\"potentialAction\":[{\"@type\":\"ReadAction\",\"target\":[\"https:\/\/shop.crenali.de\/blog\/wollfest-rueckblick-no-2-wollfestival-hamburg-2018\/\"]}]},{\"@type\":\"BreadcrumbList\",\"@id\":\"https:\/\/shop.crenali.de\/blog\/wollfest-rueckblick-no-2-wollfestival-hamburg-2018\/#breadcrumb\",\"itemListElement\":[{\"@type\":\"ListItem\",\"position\":1,\"name\":\"Startseite\",\"item\":\"https:\/\/shop.crenali.de\/blog\/\"},{\"@type\":\"ListItem\",\"position\":2,\"name\":\"Wollfest R\u00fcckblick No. 2: Wollfestival Hamburg 2018\"}]},{\"@type\":\"WebSite\",\"@id\":\"https:\/\/shop.crenali.de\/blog\/#website\",\"url\":\"https:\/\/shop.crenali.de\/blog\/\",\"name\":\"Crenali handmade bloggt\",\"description\":\"Jetzt reden wir Klartext!\",\"publisher\":{\"@id\":\"https:\/\/shop.crenali.de\/blog\/#organization\"},\"potentialAction\":[{\"@type\":\"SearchAction\",\"target\":{\"@type\":\"EntryPoint\",\"urlTemplate\":\"https:\/\/shop.crenali.de\/blog\/?s={search_term_string}\"},\"query-input\":\"required name=search_term_string\"}],\"inLanguage\":\"de-DE\"},{\"@type\":\"Organization\",\"@id\":\"https:\/\/shop.crenali.de\/blog\/#organization\",\"name\":\"Crenali handmade\",\"url\":\"https:\/\/shop.crenali.de\/blog\/\",\"sameAs\":[\"https:\/\/www.instagram.com\/creative.natural.living\",\"https:\/\/www.linkedin.com\/in\/crenali\/\",\"https:\/\/www.pinterest.de\/Crenali\/\",\"https:\/\/www.fb.com\/crenali\"],\"logo\":{\"@type\":\"ImageObject\",\"inLanguage\":\"de-DE\",\"@id\":\"https:\/\/shop.crenali.de\/blog\/#\/schema\/logo\/image\/\",\"url\":\"https:\/\/shop.crenali.de\/blog\/wp-content\/uploads\/2020\/05\/cropped-Crenali_Logo-01-2.png\",\"contentUrl\":\"https:\/\/shop.crenali.de\/blog\/wp-content\/uploads\/2020\/05\/cropped-Crenali_Logo-01-2.png\",\"width\":250,\"height\":250,\"caption\":\"Crenali handmade\"},\"image\":{\"@id\":\"https:\/\/shop.crenali.de\/blog\/#\/schema\/logo\/image\/\"}},{\"@type\":\"Person\",\"@id\":\"https:\/\/shop.crenali.de\/blog\/#\/schema\/person\/2f9f3e49b300308c8aaf11894b7484af\",\"name\":\"Dorothea J. Richter\",\"image\":{\"@type\":\"ImageObject\",\"inLanguage\":\"de-DE\",\"@id\":\"https:\/\/shop.crenali.de\/blog\/#\/schema\/person\/image\/\",\"url\":\"https:\/\/secure.gravatar.com\/avatar\/a9859ef6d0982f1955ddcd9d2b0bc32d?s=96&d=mm&r=g\",\"contentUrl\":\"https:\/\/secure.gravatar.com\/avatar\/a9859ef6d0982f1955ddcd9d2b0bc32d?s=96&d=mm&r=g\",\"caption\":\"Dorothea J. Richter\"},\"sameAs\":[\"https:\/\/shop.crenali.de\/blog\",\"https:\/\/www.facebook.com\/crenali\",\"https:\/\/www.instagram.com\/creative.natural.living\"]}]}<\/script>\n<!-- \/ Yoast SEO plugin. -->","yoast_head_json":{"title":"Wollfest R\u00fcckblick No. 2: Wollfestival Hamburg 2018 - Crenali handmade bloggt","description":"Hamburg, meine Perle! Wenn du Wolle und Hamburg auch so liebst wie ich, dann lies unbedingt diesen Blogbeitrag zum Wollfestival Hamburg 2018!","robots":{"index":"index","follow":"follow","max-snippet":"max-snippet:-1","max-image-preview":"max-image-preview:large","max-video-preview":"max-video-preview:-1"},"canonical":"https:\/\/shop.crenali.de\/blog\/wollfest-rueckblick-no-2-wollfestival-hamburg-2018\/","og_locale":"de_DE","og_type":"article","og_title":"Wollfest R\u00fcckblick No. 2: Wollfestival Hamburg 2018 - Crenali handmade bloggt","og_description":"Hamburg, meine Perle! Wenn du Wolle und Hamburg auch so liebst wie ich, dann lies unbedingt diesen Blogbeitrag zum Wollfestival Hamburg 2018!","og_url":"https:\/\/shop.crenali.de\/blog\/wollfest-rueckblick-no-2-wollfestival-hamburg-2018\/","og_site_name":"Crenali handmade bloggt","article_publisher":"https:\/\/www.fb.com\/crenali","article_author":"https:\/\/www.facebook.com\/crenali","article_published_time":"2020-12-06T17:41:17+00:00","article_modified_time":"2021-02-01T17:21:14+00:00","og_image":[{"url":"https:\/\/shop.crenali.de\/blog\/wp-content\/uploads\/2020\/12\/1-1-1024x1024.png"}],"author":"Dorothea J. Richter","twitter_card":"summary_large_image","twitter_misc":{"Verfasst von":"Dorothea J. Richter","Gesch\u00e4tzte Lesezeit":"5 Minuten"},"schema":{"@context":"https:\/\/schema.org","@graph":[{"@type":"Article","@id":"https:\/\/shop.crenali.de\/blog\/wollfest-rueckblick-no-2-wollfestival-hamburg-2018\/#article","isPartOf":{"@id":"https:\/\/shop.crenali.de\/blog\/wollfest-rueckblick-no-2-wollfestival-hamburg-2018\/"},"author":{"name":"Dorothea J. Richter","@id":"https:\/\/shop.crenali.de\/blog\/#\/schema\/person\/2f9f3e49b300308c8aaf11894b7484af"},"headline":"Wollfest R\u00fcckblick No. 2: Wollfestival Hamburg 2018","datePublished":"2020-12-06T17:41:17+00:00","dateModified":"2021-02-01T17:21:14+00:00","mainEntityOfPage":{"@id":"https:\/\/shop.crenali.de\/blog\/wollfest-rueckblick-no-2-wollfestival-hamburg-2018\/"},"wordCount":737,"commentCount":0,"publisher":{"@id":"https:\/\/shop.crenali.de\/blog\/#organization"},"keywords":["Marktbericht","R\u00fcckblick","Wollfest","Wollfestival","Wollfestival Hamburg"],"articleSection":["WollFeste"],"inLanguage":"de-DE","potentialAction":[{"@type":"CommentAction","name":"Comment","target":["https:\/\/shop.crenali.de\/blog\/wollfest-rueckblick-no-2-wollfestival-hamburg-2018\/#respond"]}]},{"@type":"WebPage","@id":"https:\/\/shop.crenali.de\/blog\/wollfest-rueckblick-no-2-wollfestival-hamburg-2018\/","url":"https:\/\/shop.crenali.de\/blog\/wollfest-rueckblick-no-2-wollfestival-hamburg-2018\/","name":"Wollfest R\u00fcckblick No. 2: Wollfestival Hamburg 2018 - Crenali handmade bloggt","isPartOf":{"@id":"https:\/\/shop.crenali.de\/blog\/#website"},"datePublished":"2020-12-06T17:41:17+00:00","dateModified":"2021-02-01T17:21:14+00:00","description":"Hamburg, meine Perle! Wenn du Wolle und Hamburg auch so liebst wie ich, dann lies unbedingt diesen Blogbeitrag zum Wollfestival Hamburg 2018!","breadcrumb":{"@id":"https:\/\/shop.crenali.de\/blog\/wollfest-rueckblick-no-2-wollfestival-hamburg-2018\/#breadcrumb"},"inLanguage":"de-DE","potentialAction":[{"@type":"ReadAction","target":["https:\/\/shop.crenali.de\/blog\/wollfest-rueckblick-no-2-wollfestival-hamburg-2018\/"]}]},{"@type":"BreadcrumbList","@id":"https:\/\/shop.crenali.de\/blog\/wollfest-rueckblick-no-2-wollfestival-hamburg-2018\/#breadcrumb","itemListElement":[{"@type":"ListItem","position":1,"name":"Startseite","item":"https:\/\/shop.crenali.de\/blog\/"},{"@type":"ListItem","position":2,"name":"Wollfest R\u00fcckblick No. 2: Wollfestival Hamburg 2018"}]},{"@type":"WebSite","@id":"https:\/\/shop.crenali.de\/blog\/#website","url":"https:\/\/shop.crenali.de\/blog\/","name":"Crenali handmade bloggt","description":"Jetzt reden wir Klartext!","publisher":{"@id":"https:\/\/shop.crenali.de\/blog\/#organization"},"potentialAction":[{"@type":"SearchAction","target":{"@type":"EntryPoint","urlTemplate":"https:\/\/shop.crenali.de\/blog\/?s={search_term_string}"},"query-input":"required name=search_term_string"}],"inLanguage":"de-DE"},{"@type":"Organization","@id":"https:\/\/shop.crenali.de\/blog\/#organization","name":"Crenali handmade","url":"https:\/\/shop.crenali.de\/blog\/","sameAs":["https:\/\/www.instagram.com\/creative.natural.living","https:\/\/www.linkedin.com\/in\/crenali\/","https:\/\/www.pinterest.de\/Crenali\/","https:\/\/www.fb.com\/crenali"],"logo":{"@type":"ImageObject","inLanguage":"de-DE","@id":"https:\/\/shop.crenali.de\/blog\/#\/schema\/logo\/image\/","url":"https:\/\/shop.crenali.de\/blog\/wp-content\/uploads\/2020\/05\/cropped-Crenali_Logo-01-2.png","contentUrl":"https:\/\/shop.crenali.de\/blog\/wp-content\/uploads\/2020\/05\/cropped-Crenali_Logo-01-2.png","width":250,"height":250,"caption":"Crenali handmade"},"image":{"@id":"https:\/\/shop.crenali.de\/blog\/#\/schema\/logo\/image\/"}},{"@type":"Person","@id":"https:\/\/shop.crenali.de\/blog\/#\/schema\/person\/2f9f3e49b300308c8aaf11894b7484af","name":"Dorothea J. Richter","image":{"@type":"ImageObject","inLanguage":"de-DE","@id":"https:\/\/shop.crenali.de\/blog\/#\/schema\/person\/image\/","url":"https:\/\/secure.gravatar.com\/avatar\/a9859ef6d0982f1955ddcd9d2b0bc32d?s=96&d=mm&r=g","contentUrl":"https:\/\/secure.gravatar.com\/avatar\/a9859ef6d0982f1955ddcd9d2b0bc32d?s=96&d=mm&r=g","caption":"Dorothea J. Richter"},"sameAs":["https:\/\/shop.crenali.de\/blog","https:\/\/www.facebook.com\/crenali","https:\/\/www.instagram.com\/creative.natural.living"]}]}},"_links":{"self":[{"href":"https:\/\/shop.crenali.de\/blog\/wp-json\/wp\/v2\/posts\/141"}],"collection":[{"href":"https:\/\/shop.crenali.de\/blog\/wp-json\/wp\/v2\/posts"}],"about":[{"href":"https:\/\/shop.crenali.de\/blog\/wp-json\/wp\/v2\/types\/post"}],"author":[{"embeddable":true,"href":"https:\/\/shop.crenali.de\/blog\/wp-json\/wp\/v2\/users\/1"}],"replies":[{"embeddable":true,"href":"https:\/\/shop.crenali.de\/blog\/wp-json\/wp\/v2\/comments?post=141"}],"version-history":[{"count":2,"href":"https:\/\/shop.crenali.de\/blog\/wp-json\/wp\/v2\/posts\/141\/revisions"}],"predecessor-version":[{"id":364,"href":"https:\/\/shop.crenali.de\/blog\/wp-json\/wp\/v2\/posts\/141\/revisions\/364"}],"wp:attachment":[{"href":"https:\/\/shop.crenali.de\/blog\/wp-json\/wp\/v2\/media?parent=141"}],"wp:term":[{"taxonomy":"category","embeddable":true,"href":"https:\/\/shop.crenali.de\/blog\/wp-json\/wp\/v2\/categories?post=141"},{"taxonomy":"post_tag","embeddable":true,"href":"https:\/\/shop.crenali.de\/blog\/wp-json\/wp\/v2\/tags?post=141"}],"curies":[{"name":"wp","href":"https:\/\/api.w.org\/{rel}","templated":true}]}}