{"id":156,"date":"2020-12-31T15:15:16","date_gmt":"2020-12-31T14:15:16","guid":{"rendered":"https:\/\/shop.crenali.de\/blog\/?p=156"},"modified":"2023-09-19T11:49:14","modified_gmt":"2023-09-19T09:49:14","slug":"jahresruckblick-2020","status":"publish","type":"post","link":"https:\/\/shop.crenali.de\/blog\/jahresruckblick-2020\/","title":{"rendered":"Jahresr\u00fcckblick 2020 rund um pflanzengef\u00e4rbte Wolle"},"content":{"rendered":"\n<p>Mein Jahresr\u00fcckblick 2020 rund um pflanzengef\u00e4rbte Wolle und den Alltag drumherum beleuchtet alle einzelnen Steps und Erlebnisse, die mein Jahr 2020 gepr\u00e4gt haben.<\/p>\n\n\n\n<p><strong><em>Ein Jahr so anders und doch so gut!<\/em><\/strong><\/p>\n\n\n\n<p>Das Jahresmotto f\u00fcr 2020 war &#8222;<strong><em>Leichtigkeit<\/em><\/strong>&#8220; &#8211; bin ich dem gerecht geworden? Sagen wir es mal so: Den Umst\u00e4nden entsprechend. Aber definitiv anders als geplant\u2026<\/p>\n\n\n\n<p>Wenn man ein komplettes Jahr Revue passieren l\u00e4sst, dann wei\u00df man meist nie so richtig, wo man anfangen soll. Und dann auch noch bei so einem Jahr wie diesem. Daher habe ich mir verschiedene Punkte als Kernthemen herausgepickt, \u00fcber die ich nun also gerne ein wenig berichten m\u00f6chte &#8211; ich w\u00fcnsche dir viel Spa\u00df beim Lesen! \ud83e\udd17<\/p>\n\n\n\n<p><em>Hinweis: Alle externen Links und Empfehlungen sind unbezahlt und gelten als unaufgeforderte Werbung. F\u00fcr die Inhalte der jeweiligen Seiten ist der Seitenbetreiber zust\u00e4ndig.<\/em><\/p>\n\n\n\n<div id=\"ez-toc-container\" class=\"ez-toc-v2_0_34 counter-hierarchy ez-toc-counter ez-toc-light-blue ez-toc-container-direction\">\n<div class=\"ez-toc-title-container\">\n<p class=\"ez-toc-title\">Diese Themen erwarten dich im Blogartikel:<\/p>\n<span class=\"ez-toc-title-toggle\"><\/span><\/div>\n<nav><ul class='ez-toc-list ez-toc-list-level-1'><li class='ez-toc-page-1 ez-toc-heading-level-2'><a class=\"ez-toc-link ez-toc-heading-1\" href=\"https:\/\/shop.crenali.de\/blog\/jahresruckblick-2020\/#stricken-und-naehen-wenn-hobby-und-beruf-sich-ueberschneiden\" title=\"Stricken und N\u00e4hen &#8211; wenn Hobby und Beruf sich \u00fcberschneiden\">Stricken und N\u00e4hen &#8211; wenn Hobby und Beruf sich \u00fcberschneiden<\/a><ul class='ez-toc-list-level-3'><li class='ez-toc-heading-level-3'><a class=\"ez-toc-link ez-toc-heading-2\" href=\"https:\/\/shop.crenali.de\/blog\/jahresruckblick-2020\/#und-ploetzlich-stricke-und-entwerfe-ich-socken\" title=\"Und pl\u00f6tzlich stricke und entwerfe ich Socken\">Und pl\u00f6tzlich stricke und entwerfe ich Socken<\/a><\/li><li class='ez-toc-page-1 ez-toc-heading-level-3'><a class=\"ez-toc-link ez-toc-heading-3\" href=\"https:\/\/shop.crenali.de\/blog\/jahresruckblick-2020\/#nur-stricken-nein-naehen-kann-und-liebe-ich-auch-noch\" title=\"Nur Stricken? Nein &#8211; n\u00e4hen kann und liebe ich auch noch\">Nur Stricken? Nein &#8211; n\u00e4hen kann und liebe ich auch noch<\/a><\/li><\/ul><\/li><li class='ez-toc-page-1 ez-toc-heading-level-2'><a class=\"ez-toc-link ez-toc-heading-4\" href=\"https:\/\/shop.crenali.de\/blog\/jahresruckblick-2020\/#plaene-und-ziele-in-2020-der-jahresrueckblick-2020\" title=\"Pl\u00e4ne und Ziele in 2020 &#8211; Der Jahresr\u00fcckblick 2020\">Pl\u00e4ne und Ziele in 2020 &#8211; Der Jahresr\u00fcckblick 2020<\/a><\/li><li class='ez-toc-page-1 ez-toc-heading-level-2'><a class=\"ez-toc-link ez-toc-heading-5\" href=\"https:\/\/shop.crenali.de\/blog\/jahresruckblick-2020\/#kreativitaet-nur-im-handwerk-social-media-und-co\" title=\"Kreativit\u00e4t nur im Handwerk? Social Media und Co.\">Kreativit\u00e4t nur im Handwerk? Social Media und Co.<\/a><ul class='ez-toc-list-level-3'><li class='ez-toc-heading-level-3'><a class=\"ez-toc-link ez-toc-heading-6\" href=\"https:\/\/shop.crenali.de\/blog\/jahresruckblick-2020\/#social-media-finde-den-fokus\" title=\"Social Media &#8211; finde den Fokus\">Social Media &#8211; finde den Fokus<\/a><\/li><li class='ez-toc-page-1 ez-toc-heading-level-3'><a class=\"ez-toc-link ez-toc-heading-7\" href=\"https:\/\/shop.crenali.de\/blog\/jahresruckblick-2020\/#entwicklung-meiner-social-media-kanaele-in-2020\" title=\"Entwicklung meiner Social Media Kan\u00e4le in 2020\">Entwicklung meiner Social Media Kan\u00e4le in 2020<\/a><\/li><li class='ez-toc-page-1 ez-toc-heading-level-3'><a class=\"ez-toc-link ez-toc-heading-8\" href=\"https:\/\/shop.crenali.de\/blog\/jahresruckblick-2020\/#resultat-erweiterung-des-teams\" title=\"Resultat: Erweiterung des Teams!\">Resultat: Erweiterung des Teams!<\/a><\/li><li class='ez-toc-page-1 ez-toc-heading-level-3'><a class=\"ez-toc-link ez-toc-heading-9\" href=\"https:\/\/shop.crenali.de\/blog\/jahresruckblick-2020\/#zurueck-von-digital-auf-analog\" title=\"Zur\u00fcck von digital auf analog\">Zur\u00fcck von digital auf analog<\/a><\/li><\/ul><\/li><li class='ez-toc-page-1 ez-toc-heading-level-2'><a class=\"ez-toc-link ez-toc-heading-10\" href=\"https:\/\/shop.crenali.de\/blog\/jahresruckblick-2020\/#jahresrueckblick-2020-mein-jahr-2020-in-zahlen\" title=\"Jahresr\u00fcckblick 2020: Mein Jahr 2020 in Zahlen\">Jahresr\u00fcckblick 2020: Mein Jahr 2020 in Zahlen<\/a><\/li><li class='ez-toc-page-1 ez-toc-heading-level-2'><a class=\"ez-toc-link ez-toc-heading-11\" href=\"https:\/\/shop.crenali.de\/blog\/jahresruckblick-2020\/#worklifebalance-raus-in-die-natur\" title=\"Worklifebalance: Raus in die Natur!\">Worklifebalance: Raus in die Natur!<\/a><ul class='ez-toc-list-level-3'><li class='ez-toc-heading-level-3'><a class=\"ez-toc-link ez-toc-heading-12\" href=\"https:\/\/shop.crenali.de\/blog\/jahresruckblick-2020\/#pack-die-wander-oder-kletterschuhe-ein\" title=\"Pack die Wander- oder Kletterschuhe ein!\">Pack die Wander- oder Kletterschuhe ein!<\/a><\/li><li class='ez-toc-page-1 ez-toc-heading-level-3'><a class=\"ez-toc-link ez-toc-heading-13\" href=\"https:\/\/shop.crenali.de\/blog\/jahresruckblick-2020\/#das-fitnessstudio-und-ich\" title=\"Das Fitnessstudio und ich\">Das Fitnessstudio und ich<\/a><\/li><\/ul><\/li><li class='ez-toc-page-1 ez-toc-heading-level-2'><a class=\"ez-toc-link ez-toc-heading-14\" href=\"https:\/\/shop.crenali.de\/blog\/jahresruckblick-2020\/#ein-berufliches-standbein-beleuchtet-im-jahresrueckblick-2020\" title=\"Ein berufliches Standbein? Beleuchtet im Jahresr\u00fcckblick 2020\">Ein berufliches Standbein? Beleuchtet im Jahresr\u00fcckblick 2020<\/a><\/li><li class='ez-toc-page-1 ez-toc-heading-level-2'><a class=\"ez-toc-link ez-toc-heading-15\" href=\"https:\/\/shop.crenali.de\/blog\/jahresruckblick-2020\/#business-mom-und-dann-kam-corona\" title=\"Business-Mom &#8211; und dann kam Corona\">Business-Mom &#8211; und dann kam Corona<\/a><ul class='ez-toc-list-level-3'><li class='ez-toc-heading-level-3'><a class=\"ez-toc-link ez-toc-heading-16\" href=\"https:\/\/shop.crenali.de\/blog\/jahresruckblick-2020\/#und-jetzt-ist-das-mein-berufliches-aus\" title=\"Und jetzt? Ist das mein berufliches Aus?\">Und jetzt? Ist das mein berufliches Aus?<\/a><\/li><li class='ez-toc-page-1 ez-toc-heading-level-3'><a class=\"ez-toc-link ez-toc-heading-17\" href=\"https:\/\/shop.crenali.de\/blog\/jahresruckblick-2020\/#corona-ein-grund-den-kopf-in-den-sand-zu-stecken\" title=\"Corona &#8211; ein Grund den Kopf in den Sand zu stecken?\">Corona &#8211; ein Grund den Kopf in den Sand zu stecken?<\/a><\/li><\/ul><\/li><li class='ez-toc-page-1 ez-toc-heading-level-2'><a class=\"ez-toc-link ez-toc-heading-18\" href=\"https:\/\/shop.crenali.de\/blog\/jahresruckblick-2020\/#kleine-auszeiten-mitten-im-alltag\" title=\"Kleine Auszeiten mitten im Alltag\">Kleine Auszeiten mitten im Alltag<\/a><ul class='ez-toc-list-level-3'><li class='ez-toc-heading-level-3'><a class=\"ez-toc-link ez-toc-heading-19\" href=\"https:\/\/shop.crenali.de\/blog\/jahresruckblick-2020\/#einfach-mal-den-kopf-durchlueften-ostseeliebe\" title=\"Einfach mal den Kopf durchl\u00fcften &#8211; Ostseeliebe\">Einfach mal den Kopf durchl\u00fcften &#8211; Ostseeliebe<\/a><\/li><li class='ez-toc-page-1 ez-toc-heading-level-3'><a class=\"ez-toc-link ez-toc-heading-20\" href=\"https:\/\/shop.crenali.de\/blog\/jahresruckblick-2020\/#schnauze-voll-von-der-familie-auch-da-gibts-eine-loesung\" title=\"Schnauze voll von der Familie? Auch da gibt&#8217;s eine L\u00f6sung!\">Schnauze voll von der Familie? Auch da gibt&#8217;s eine L\u00f6sung!<\/a><\/li><\/ul><\/li><li class='ez-toc-page-1 ez-toc-heading-level-2'><a class=\"ez-toc-link ez-toc-heading-21\" href=\"https:\/\/shop.crenali.de\/blog\/jahresruckblick-2020\/#corona-fluch-oder-chance\" title=\"Corona &#8211; Fluch oder Chance?\">Corona &#8211; Fluch oder Chance?<\/a><ul class='ez-toc-list-level-3'><li class='ez-toc-heading-level-3'><a class=\"ez-toc-link ez-toc-heading-22\" href=\"https:\/\/shop.crenali.de\/blog\/jahresruckblick-2020\/#privates-learning-durch-die-pandemie\" title=\"Privates Learning durch die Pandemie\">Privates Learning durch die Pandemie<\/a><ul class='ez-toc-list-level-4'><li class='ez-toc-heading-level-4'><a class=\"ez-toc-link ez-toc-heading-23\" href=\"https:\/\/shop.crenali.de\/blog\/jahresruckblick-2020\/#welches-fazit-ziehe-ich-fuer-mich\" title=\"Welches Fazit ziehe ich f\u00fcr mich? \">Welches Fazit ziehe ich f\u00fcr mich? <\/a><\/li><\/ul><\/li><\/ul><\/li><li class='ez-toc-page-1 ez-toc-heading-level-2'><a class=\"ez-toc-link ez-toc-heading-24\" href=\"https:\/\/shop.crenali.de\/blog\/jahresruckblick-2020\/#was-wartet-2021-auf-mich\" title=\"Was wartet 2021 auf mich?\">Was wartet 2021 auf mich?<\/a><\/li><\/ul><\/nav><\/div>\n<h2><span class=\"ez-toc-section\" id=\"stricken-und-naehen-wenn-hobby-und-beruf-sich-ueberschneiden\"><\/span><strong>Stricken und N\u00e4hen &#8211; wenn Hobby und Beruf sich \u00fcberschneiden<\/strong><span class=\"ez-toc-section-end\"><\/span><\/h2>\n\n\n\n<p>Wenn Wolle zur Passion wird und man manche Vorhaben pl\u00f6tzlich \u00fcber den Haufen wirft, dann ist man vermutlich voll von der Thematik ergriffen. \ud83d\ude43<\/p>\n\n\n<div class=\"wp-block-image\">\n<figure class=\"aligncenter size-large\"><img loading=\"lazy\" width=\"1024\" height=\"1024\" src=\"https:\/\/shop.crenali.de\/blog\/wp-content\/uploads\/2020\/12\/2-6-1024x1024.png\" alt=\"Sockendesign Vandretur und wie ich auf die Socke kam\" class=\"wp-image-203\" srcset=\"https:\/\/shop.crenali.de\/blog\/wp-content\/uploads\/2020\/12\/2-6-1024x1024.png 1024w, https:\/\/shop.crenali.de\/blog\/wp-content\/uploads\/2020\/12\/2-6-300x300.png 300w, https:\/\/shop.crenali.de\/blog\/wp-content\/uploads\/2020\/12\/2-6-150x150.png 150w, https:\/\/shop.crenali.de\/blog\/wp-content\/uploads\/2020\/12\/2-6-768x768.png 768w, https:\/\/shop.crenali.de\/blog\/wp-content\/uploads\/2020\/12\/2-6-100x100.png 100w, https:\/\/shop.crenali.de\/blog\/wp-content\/uploads\/2020\/12\/2-6.png 1080w\" sizes=\"(max-width: 767px) 89vw, (max-width: 1000px) 54vw, (max-width: 1071px) 543px, 580px\" \/><figcaption>Sockendesign Vandretur aus Crenali High Twist und pl\u00f6tzlich stricke und entwerfe ich Socken.<\/figcaption><\/figure><\/div>\n\n\n<!--more-->\n\n\n\n<h3><span class=\"ez-toc-section\" id=\"und-ploetzlich-stricke-und-entwerfe-ich-socken\"><\/span><strong>Und pl\u00f6tzlich stricke und entwerfe ich Socken<\/strong><span class=\"ez-toc-section-end\"><\/span><\/h3>\n\n\n\n<p>So ist es doch tats\u00e4chlich passiert, dass ich als absolute Socken-Strick-Verneinerin mein erstes Socken-Pattern Vandretur auf den Markt gebracht habe. Damit ging es wohl los, was Ende des Jahres dann pl\u00f6tzlich exponentiell gewachsen ist: Ich stricke Socken! <\/p>\n\n\n\n<p>7 Sockenpaare sind nun also hier eingezogen und ich sp\u00fcre, das werden in 2021 definitiv noch mehr. \ud83e\udd13<\/p>\n\n\n\n<div class=\"wp-container-1 is-content-justification-center wp-block-buttons\">\n<div class=\"wp-block-button\"><a class=\"wp-block-button__link\" href=\"https:\/\/shop.crenali.de\/blog\/strickdesign-vandretur-die-verzopfte-socke\/\" target=\"_blank\" rel=\"noreferrer noopener\">Socken Vandretur im Blog<\/a><\/div>\n\n\n\n<div class=\"wp-block-button\"><a class=\"wp-block-button__link\" href=\"https:\/\/shop.crenali.de\/de\/Vandretur.html\" target=\"_blank\" rel=\"noreferrer noopener\">Socken Vandretur im Shop<\/a><\/div>\n\n\n\n<div class=\"wp-block-button\"><a class=\"wp-block-button__link\" href=\"https:\/\/www.ravelry.com\/projects\/Crenali\" target=\"_blank\" rel=\"noreferrer noopener\">Ravelry Projekte<\/a><\/div>\n<\/div>\n\n\n\n<h3><span class=\"ez-toc-section\" id=\"nur-stricken-nein-naehen-kann-und-liebe-ich-auch-noch\"><\/span><strong>Nur Stricken? Nein &#8211; n\u00e4hen kann und liebe ich auch noch<\/strong><span class=\"ez-toc-section-end\"><\/span><\/h3>\n\n\n\n<p>Neben den Stricknadeln habe ich aber auch mal wieder die N\u00e4hnadeln gez\u00fcckt und die N\u00e4hmaschine gl\u00fchen lassen. <br><br>Neben Projekt- und Nadeltaschen habe ich aber auch etwas ganz privat gen\u00e4ht. Einfach nur f\u00fcr mich.<\/p>\n\n\n<div class=\"wp-block-image\">\n<figure class=\"aligncenter size-large\"><img loading=\"lazy\" width=\"1024\" height=\"1024\" src=\"https:\/\/shop.crenali.de\/blog\/wp-content\/uploads\/2020\/12\/1-5-1024x1024.png\" alt=\"N\u00e4hen kann und liebe ich auch\" class=\"wp-image-202\" srcset=\"https:\/\/shop.crenali.de\/blog\/wp-content\/uploads\/2020\/12\/1-5-1024x1024.png 1024w, https:\/\/shop.crenali.de\/blog\/wp-content\/uploads\/2020\/12\/1-5-300x300.png 300w, https:\/\/shop.crenali.de\/blog\/wp-content\/uploads\/2020\/12\/1-5-150x150.png 150w, https:\/\/shop.crenali.de\/blog\/wp-content\/uploads\/2020\/12\/1-5-768x768.png 768w, https:\/\/shop.crenali.de\/blog\/wp-content\/uploads\/2020\/12\/1-5-100x100.png 100w, https:\/\/shop.crenali.de\/blog\/wp-content\/uploads\/2020\/12\/1-5.png 1080w\" sizes=\"(max-width: 767px) 89vw, (max-width: 1000px) 54vw, (max-width: 1071px) 543px, 580px\" \/><figcaption>N\u00e4hen kann und liebe ich auch.<\/figcaption><\/figure><\/div>\n\n\n<p>Das N\u00e4hen kommt leider viel zu kurz &#8211; dabei liebe ich es die Stoffe durch die H\u00e4nde gleiten zu lassen und zu sp\u00fcren, was daraus entstehen m\u00f6chte. Aber immerhin: 3 R\u00f6cke sind es geworden.<\/p>\n\n\n\n<h2><span class=\"ez-toc-section\" id=\"plaene-und-ziele-in-2020-der-jahresrueckblick-2020\"><\/span><strong>Pl\u00e4ne und Ziele in 2020<\/strong> &#8211; Der Jahresr\u00fcckblick 2020<span class=\"ez-toc-section-end\"><\/span><\/h2>\n\n\n\n<p>Wie in den meisten Unternehmen hatte ich auch einige Pl\u00e4ne &#8211; mitunter stand als eines der Hauptziele die Suche nach neuen und gr\u00f6\u00dferen R\u00e4umlichkeiten auf dem Plan. <br><br>Die Werkstatt platzt einfach aus allen N\u00e4hten und ist mit 16km Entfernung logistisch jetzt auch nicht so der \u00f6kologische Hit.<\/p>\n\n\n\n<p>Aber gerade hier in der Grenzregion sind R\u00e4umlichkeiten sehr rar ges\u00e4t. Nicht mal \u00fcberteuert ist was zu finden, wenn man nicht mit dem Vermieter verwandt oder bekannt ist und sich, quasi schon bevor der aktuelle Mieter gek\u00fcndigt hat, bewirbt.<\/p>\n\n\n\n<p>Umso begeisterter war ich, als ein bekannter Unternehmer auf mich zu kam, ob ich seine Gesch\u00e4ftsr\u00e4ume nicht \u00fcbernehmen m\u00f6chte. Mitten in der Stadt &#8211; 5 Minuten Fu\u00dfweg von zuhause, gro\u00dfe Schaufensterfront, mehrere Zimmer.<\/p>\n\n\n\n<blockquote class=\"wp-block-quote\"><p>Es war wie ein Traum. Und dann bin ich aufgewacht.<\/p><\/blockquote>\n\n\n<div class=\"wp-block-image\">\n<figure class=\"aligncenter size-large\"><img loading=\"lazy\" width=\"1024\" height=\"1024\" src=\"https:\/\/shop.crenali.de\/blog\/wp-content\/uploads\/2020\/12\/3-4-1024x1024.png\" alt=\"Pl\u00e4ne und Ziele in 2020 - neue R\u00e4umlichkeiten sollten es werden\" class=\"wp-image-204\" srcset=\"https:\/\/shop.crenali.de\/blog\/wp-content\/uploads\/2020\/12\/3-4-1024x1024.png 1024w, https:\/\/shop.crenali.de\/blog\/wp-content\/uploads\/2020\/12\/3-4-300x300.png 300w, https:\/\/shop.crenali.de\/blog\/wp-content\/uploads\/2020\/12\/3-4-150x150.png 150w, https:\/\/shop.crenali.de\/blog\/wp-content\/uploads\/2020\/12\/3-4-768x768.png 768w, https:\/\/shop.crenali.de\/blog\/wp-content\/uploads\/2020\/12\/3-4-100x100.png 100w, https:\/\/shop.crenali.de\/blog\/wp-content\/uploads\/2020\/12\/3-4.png 1080w\" sizes=\"(max-width: 767px) 89vw, (max-width: 1000px) 54vw, (max-width: 1071px) 543px, 580px\" \/><figcaption>Pl\u00e4ne und Ziele in 2020 &#8211; neue R\u00e4umlichkeiten sollten es werden.<\/figcaption><\/figure><\/div>\n\n\n<p>Im Januar oder Februar wurde per Handschlag besiegelt, dass ab Mai \/ Juni der Wechsel stattfinden soll.<\/p>\n\n\n\n<p>Und doch kam Pandemie bedingt alles anders&#8230;. Der bisherige Mieter verschiebt nun also seinen Renteneintritt und ich?<\/p>\n\n\n\n<p>Ich sitze nun immer noch in der selben Werkstatt und suche fleissig weiter &#8211; und ich hab schon etwas Neues im Auge &#8211; nun hei\u00dft es hoffen, dass die Handwerker bald wieder ranklotzen d\u00fcrfen. <\/p>\n\n\n\n<p><em>Lassen wir uns also \u00fcberraschen, was 2021 so passiert, denn aufgeben ist nicht!<\/em><\/p>\n\n\n\n<h2><span class=\"ez-toc-section\" id=\"kreativitaet-nur-im-handwerk-social-media-und-co\"><\/span><strong>Kreativit\u00e4t nur im Handwerk? Social Media und Co.<\/strong><span class=\"ez-toc-section-end\"><\/span><\/h2>\n\n\n\n<p>Wolle von Hand mit Pflanzen f\u00e4rben &#8211; das ist Handwerk pur. So ganz ohne Maschinen und gerne auch in aller Ruhe wie ein Ritual.<\/p>\n\n\n\n<p>W\u00e4re da nicht die Technik nebendran. Denn wer soll die Wolle sehen, wenn sie nicht in Szene gesetzt, fotografiert und pr\u00e4sentiert wird? Klar, bei Messen und M\u00e4rkten kann man sich die Sachen live anschauen &#8211; aber sonst?<\/p>\n\n\n\n<p>Tageslichtlampen, Softboxen, Spiegelreflexkamera und Co. sind feste Bestandteile in meinem Equipment und auch die ganzen modernen Kan\u00e4le geh\u00f6ren mit dazu.<\/p>\n\n\n\n<h3><span class=\"ez-toc-section\" id=\"social-media-finde-den-fokus\"><\/span><strong>Social Media &#8211; finde den Fokus<\/strong><span class=\"ez-toc-section-end\"><\/span><\/h3>\n\n\n\n<p>Facebook, Instagram, Pinterest, youtube, Podcast, Blog &#8211; ahhhhh! Wo anfangen und wo aufh\u00f6ren?!<\/p>\n\n\n\n<p>Egal was man erz\u00e4hlt: Die Eier legende Wollmilchsau gibt es nicht. Und die will ich auch gar nicht sein. Also war eines meiner Ziele Abl\u00e4ufe zu optimieren, Planungssessions zu entwickeln und Social media in &#8222;meinen Bereichen&#8220; zu fokussieren. So richtig mit Plan.<\/p>\n\n\n\n<p>Klingt einfach, ist es f\u00fcr ein kreatives Duracellh\u00e4schen wie mich aber gar nicht so. Und dann auch noch neben dem normalen Tagesgesch\u00e4ft &#8211; wie soll das gehen?<\/p>\n\n\n\n<p>Co-Working &amp; Mastermind ist das Zauberwort, denn: Gemeinsam sind wir stark! Wenn der Kopf schwirrt und du nicht mehr wei\u00dft, wo du anfangen sollst, hilft es immens, wenn da jemand ist, der dich in die richtige Richtung schubsen kann, dich unterst\u00fctzt oder auch mal sagt, was falsch l\u00e4uft. Danke M\u00e4dels f\u00fcr euren Input und manchmal auch Tritte in den Allerwertesten. \u2764\ufe0f<\/p>\n\n\n<div class=\"wp-block-image\">\n<figure class=\"aligncenter size-large\"><img loading=\"lazy\" width=\"1024\" height=\"1024\" src=\"https:\/\/shop.crenali.de\/blog\/wp-content\/uploads\/2020\/12\/4-4-1024x1024.png\" alt=\"Kreativit\u00e4t nur im Handwerk - Business ist nicht nur romantisch\" class=\"wp-image-205\" srcset=\"https:\/\/shop.crenali.de\/blog\/wp-content\/uploads\/2020\/12\/4-4-1024x1024.png 1024w, https:\/\/shop.crenali.de\/blog\/wp-content\/uploads\/2020\/12\/4-4-300x300.png 300w, https:\/\/shop.crenali.de\/blog\/wp-content\/uploads\/2020\/12\/4-4-150x150.png 150w, https:\/\/shop.crenali.de\/blog\/wp-content\/uploads\/2020\/12\/4-4-768x768.png 768w, https:\/\/shop.crenali.de\/blog\/wp-content\/uploads\/2020\/12\/4-4-100x100.png 100w, https:\/\/shop.crenali.de\/blog\/wp-content\/uploads\/2020\/12\/4-4.png 1080w\" sizes=\"(max-width: 767px) 89vw, (max-width: 1000px) 54vw, (max-width: 1071px) 543px, 580px\" \/><figcaption>Kreativit\u00e4t nur im Handwerk? Business bedeutet weitaus mehr als nur romantisches Wolle f\u00e4rben.<\/figcaption><\/figure><\/div>\n\n\n<h3><span class=\"ez-toc-section\" id=\"entwicklung-meiner-social-media-kanaele-in-2020\"><\/span><strong>Entwicklung meiner Social Media Kan\u00e4le in 2020<\/strong><span class=\"ez-toc-section-end\"><\/span><\/h3>\n\n\n\n<p>OnlineShop und facebook geh\u00f6ren dazu. Schon immer. Instagram liebe ich auch und dennoch habe ich dort einiges ge\u00e4ndert und bin mit diesem Prozess auch noch lange nicht fertig. Mein Bauch sagte mir nach der letzten Umstellung pl\u00f6tzlich: So nicht! Und das ganze Konzept wurde \u00fcber den Haufen geworfen und siehe da: Jetzt scheine ich tats\u00e4chlich meine authentische Linie wieder gefunden zu haben. <\/p>\n\n\n\n<p>Ich m\u00f6chte n\u00e4mlich nicht einfach nur gefallen &#8211; ich m\u00f6chte (oder muss) authentisch sein, denn es ist meine Passion und diese Liebe und diese Funken sollen \u00fcberspringen. Nicht technische und statistisch tolle Formate, die irgendein Guru predigt. Das bin nicht ich und dann macht es mir auch keinen Spa\u00df. \ud83d\ude05<\/p>\n\n\n\n<p>Was allerdings (wieder) dazu gekommen ist, sind Blog und Pinterest. Ich liebe es! \u2764\ufe0f<\/p>\n\n\n\n<p>Pinterest ist so genial f\u00fcr kreative Inspirationen, dass ich mich selbst oft dabei erwische, wie ich stundenlang Inspirationen f\u00fcr Haus und Garten suche.<\/p>\n\n\n\n<p>Der Blog (den du augenscheinlich kennst, sonst w\u00fcrdest du ja diesen Beitrag nicht lesen) wurde reaktiviert und neu aufgesetzt. Ich liebe das Schreiben. Lange Zeit habe ich als Redakteurin medizinische Fortbildungen entwickelt und auch f\u00fcr Magazine geschrieben. Als das Leben dann 2018 privat pl\u00f6tzlich Kopf stand, stellte ich es ein.<\/p>\n\n\n\n<p>Wieso? Mein Kopf war nicht frei, die Worte wollten nicht flie\u00dfen. Aus diesem Tal bin ich aber nun endlich wieder aufgestiegen und der Blog lebt wieder.<\/p>\n\n\n\n<p>Ich freue mich so sehr, die Leidenschaft f\u00fcr Handarbeiten zu teilen und zu inspirieren. Dinge erkl\u00e4ren geh\u00f6rt da genauso f\u00fcr mich dazu, wie etwas beleuchten.<\/p>\n\n\n\n<p>Ergebnisse? Schau am Besten einfach selbst!<\/p>\n\n\n\n<div class=\"wp-container-2 is-content-justification-center wp-block-buttons\">\n<div class=\"wp-block-button\"><a class=\"wp-block-button__link\">OnlineShop<\/a><\/div>\n\n\n\n<div class=\"wp-block-button\"><a class=\"wp-block-button__link\">Facebook-Gruppe<\/a><\/div>\n\n\n\n<div class=\"wp-block-button\"><a class=\"wp-block-button__link\">Instagram<\/a><\/div>\n\n\n\n<div class=\"wp-block-button\"><a class=\"wp-block-button__link\">Facebook-Seite<\/a><\/div>\n\n\n\n<div class=\"wp-block-button\"><a class=\"wp-block-button__link\">Blog<\/a><\/div>\n\n\n\n<div class=\"wp-block-button\"><a class=\"wp-block-button__link\">Pinterest<\/a><\/div>\n<\/div>\n\n\n<div class=\"wp-block-image\">\n<figure class=\"aligncenter size-large\"><img loading=\"lazy\" width=\"1024\" height=\"1024\" src=\"https:\/\/shop.crenali.de\/blog\/wp-content\/uploads\/2020\/12\/5-4-1024x1024.png\" alt=\"Blog Crenali\u00b4s Klartext\" class=\"wp-image-206\" srcset=\"https:\/\/shop.crenali.de\/blog\/wp-content\/uploads\/2020\/12\/5-4-1024x1024.png 1024w, https:\/\/shop.crenali.de\/blog\/wp-content\/uploads\/2020\/12\/5-4-300x300.png 300w, https:\/\/shop.crenali.de\/blog\/wp-content\/uploads\/2020\/12\/5-4-150x150.png 150w, https:\/\/shop.crenali.de\/blog\/wp-content\/uploads\/2020\/12\/5-4-768x768.png 768w, https:\/\/shop.crenali.de\/blog\/wp-content\/uploads\/2020\/12\/5-4-100x100.png 100w, https:\/\/shop.crenali.de\/blog\/wp-content\/uploads\/2020\/12\/5-4.png 1080w\" sizes=\"(max-width: 767px) 89vw, (max-width: 1000px) 54vw, (max-width: 1071px) 543px, 580px\" \/><figcaption>Wieder zu neuem Leben erweckt: Der Blog Crenali\u00b4s Klartext &#8211; Plattform f\u00fcr den Jahresr\u00fcckblog 2020<\/figcaption><\/figure><\/div>\n\n\n<h3><span class=\"ez-toc-section\" id=\"resultat-erweiterung-des-teams\"><\/span><strong>Resultat: Erweiterung des Teams!<\/strong><span class=\"ez-toc-section-end\"><\/span><\/h3>\n\n\n\n<p>Manchmal ist es gar nicht so einfach zu erkennen, dass man nicht alles selbst machen muss, sondern es auch wichtig ist, Aufgaben abzugeben. Effiziens und Dynamik und schon l\u00e4uft es, yeah! \u2728<\/p>\n\n\n\n<p>So ist das Team um zwei weitere wertvolle Mitglieder gewachsen und ich bin unwahrscheinlich gl\u00fccklich, dass wir gemeinsam ein Ziel vor Augen haben, an dem wir arbeiten k\u00f6nnen &#8211; VIELEN DANK! \u2764\ufe0f<\/p>\n\n\n<div class=\"wp-block-image\">\n<figure class=\"aligncenter size-large\"><img loading=\"lazy\" width=\"1024\" height=\"1024\" src=\"https:\/\/shop.crenali.de\/blog\/wp-content\/uploads\/2020\/12\/6-3-1024x1024.png\" alt=\"Zur\u00fcck von digital auf analog - F\u00fcllerliebe\" class=\"wp-image-207\" srcset=\"https:\/\/shop.crenali.de\/blog\/wp-content\/uploads\/2020\/12\/6-3-1024x1024.png 1024w, https:\/\/shop.crenali.de\/blog\/wp-content\/uploads\/2020\/12\/6-3-300x300.png 300w, https:\/\/shop.crenali.de\/blog\/wp-content\/uploads\/2020\/12\/6-3-150x150.png 150w, https:\/\/shop.crenali.de\/blog\/wp-content\/uploads\/2020\/12\/6-3-768x768.png 768w, https:\/\/shop.crenali.de\/blog\/wp-content\/uploads\/2020\/12\/6-3-100x100.png 100w, https:\/\/shop.crenali.de\/blog\/wp-content\/uploads\/2020\/12\/6-3.png 1080w\" sizes=\"(max-width: 767px) 89vw, (max-width: 1000px) 54vw, (max-width: 1071px) 543px, 580px\" \/><figcaption>Zur\u00fcck von digital auf analog &#8211; analog geht es mir einfach besser ins Hirn.<\/figcaption><\/figure><\/div>\n\n\n<h3><span class=\"ez-toc-section\" id=\"zurueck-von-digital-auf-analog\"><\/span><strong>Zur\u00fcck von digital auf analog<\/strong><span class=\"ez-toc-section-end\"><\/span><\/h3>\n\n\n\n<p>H\u00e4? Wie jetzt? Gerade schrieb ich doch noch, dass ich mich auf Ausbau von Social media und Co. fokussiert habe?! Richtig &#8211; aber ich habe eines gemerkt bzw. wieder realisiert: Ich merke mir Dinge besser, wenn ich es h\u00e4ndisch schreibe. Und wenn das dann auch noch h\u00fcbsch aussieht&#8230;. Ich bin halt doch ein M\u00e4dchen.<\/p>\n\n\n\n<p>Also liebe ich meinen dicken, ledergebundenen Kalender, meine F\u00fcller, die Tinte, die erst trocknen muss. Das ist f\u00fcr mich Leidenschaft, die (zugegebener Ma\u00dfen) hin und wieder technisch unterst\u00fctzt wird. Aber: Ohne Kalender gehe ich nicht aus dem Haus. Trotz Smartphone. \ud83d\ude09<\/p>\n\n\n\n<h2><span class=\"ez-toc-section\" id=\"jahresrueckblick-2020-mein-jahr-2020-in-zahlen\"><\/span><strong>Jahresr\u00fcckblick 2020: Mein Jahr 2020 in Zahlen<\/strong><span class=\"ez-toc-section-end\"><\/span><\/h2>\n\n\n\n<p>Wer mich kennt, der wei\u00df, dass ich nicht so der &#8222;Zahlen-Daten-Fakten-Mensch&#8220; bin. Dennoch finde ich es r\u00fcckblickend  immer wieder interessant, daran Entwicklungen sehen zu k\u00f6nnen.<\/p>\n\n\n\n<ol><li>Gestrickte Meter: 5.054m (Unver\u00f6ffentliche Patterns nicht mitgerechnet)<\/li><li>Gestrickte Gramm: 1.331g (Unver\u00f6ffentliche Patterns nicht mitgerechnet)<\/li><li>Instagram Follower: 2.201<\/li><li>Facebook Fans: 588<\/li><li>Facebook Gruppen Mitglieder: 604<\/li><li>Pinterest Follower: 8<\/li><li>Pinterest Impressionen: 1.8k <\/li><li>Webseiten Besucher: 48.5k<\/li><li>Anzahl Blogartikel: 22<\/li><li>Anzahl Messen und M\u00e4rkte: 0<\/li><\/ol>\n\n\n\n<p>(Stand 29.12.2020)<\/p>\n\n\n\n<p>Ich hoffe vor allen Dingen im letzten Punkt in 2021 eine deutlich h\u00f6here Zahl lesen zu d\u00fcrfen. \ud83d\ude09<\/p>\n\n\n<div class=\"wp-block-image\">\n<figure class=\"aligncenter size-large\"><img loading=\"lazy\" width=\"1024\" height=\"1024\" src=\"https:\/\/shop.crenali.de\/blog\/wp-content\/uploads\/2020\/12\/7-1-1024x1024.png\" alt=\"Instagram Feed Januar 2020\" class=\"wp-image-209\" srcset=\"https:\/\/shop.crenali.de\/blog\/wp-content\/uploads\/2020\/12\/7-1-1024x1024.png 1024w, https:\/\/shop.crenali.de\/blog\/wp-content\/uploads\/2020\/12\/7-1-300x300.png 300w, https:\/\/shop.crenali.de\/blog\/wp-content\/uploads\/2020\/12\/7-1-150x150.png 150w, https:\/\/shop.crenali.de\/blog\/wp-content\/uploads\/2020\/12\/7-1-768x768.png 768w, https:\/\/shop.crenali.de\/blog\/wp-content\/uploads\/2020\/12\/7-1-100x100.png 100w, https:\/\/shop.crenali.de\/blog\/wp-content\/uploads\/2020\/12\/7-1.png 1080w\" sizes=\"(max-width: 767px) 89vw, (max-width: 1000px) 54vw, (max-width: 1071px) 543px, 580px\" \/><figcaption>Instagram Feed im Januar 2020&#8230;<\/figcaption><\/figure><\/div>\n\n<div class=\"wp-block-image\">\n<figure class=\"aligncenter size-large\"><img loading=\"lazy\" width=\"1024\" height=\"1024\" src=\"https:\/\/shop.crenali.de\/blog\/wp-content\/uploads\/2020\/12\/8-1024x1024.png\" alt=\"Instagram Feed Dezember 2020\" class=\"wp-image-210\" srcset=\"https:\/\/shop.crenali.de\/blog\/wp-content\/uploads\/2020\/12\/8-1024x1024.png 1024w, https:\/\/shop.crenali.de\/blog\/wp-content\/uploads\/2020\/12\/8-300x300.png 300w, https:\/\/shop.crenali.de\/blog\/wp-content\/uploads\/2020\/12\/8-150x150.png 150w, https:\/\/shop.crenali.de\/blog\/wp-content\/uploads\/2020\/12\/8-768x768.png 768w, https:\/\/shop.crenali.de\/blog\/wp-content\/uploads\/2020\/12\/8-100x100.png 100w, https:\/\/shop.crenali.de\/blog\/wp-content\/uploads\/2020\/12\/8.png 1080w\" sizes=\"(max-width: 767px) 89vw, (max-width: 1000px) 54vw, (max-width: 1071px) 543px, 580px\" \/><figcaption>&#8230; und einige Ver\u00e4nderungen sp\u00e4ter: Instagram Feed im Dezember 2020.<\/figcaption><\/figure><\/div>\n\n\n<h2><span class=\"ez-toc-section\" id=\"worklifebalance-raus-in-die-natur\"><\/span><strong>Worklifebalance: Raus in die Natur!<\/strong><span class=\"ez-toc-section-end\"><\/span><\/h2>\n\n\n\n<p>So viel Arbeiten und dann&#8230;? Dann muss ich raus! Kinder einpacken und ab in die Natur ist die Devise. Als ehemalige Leistungssportlerin bin ich in den letzten Jahren zu einem Sport-Muffel geworden. Das Sofa ist halt so einladend nach einem langen Arbeitstag. Kennst du das? \ud83d\ude05<\/p>\n\n\n<div class=\"wp-block-image\">\n<figure class=\"aligncenter size-large\"><img loading=\"lazy\" width=\"1024\" height=\"1024\" src=\"https:\/\/shop.crenali.de\/blog\/wp-content\/uploads\/2020\/12\/9-1024x1024.png\" alt=\"Worklifebalance - Klettern\" class=\"wp-image-208\" srcset=\"https:\/\/shop.crenali.de\/blog\/wp-content\/uploads\/2020\/12\/9-1024x1024.png 1024w, https:\/\/shop.crenali.de\/blog\/wp-content\/uploads\/2020\/12\/9-300x300.png 300w, https:\/\/shop.crenali.de\/blog\/wp-content\/uploads\/2020\/12\/9-150x150.png 150w, https:\/\/shop.crenali.de\/blog\/wp-content\/uploads\/2020\/12\/9-768x768.png 768w, https:\/\/shop.crenali.de\/blog\/wp-content\/uploads\/2020\/12\/9-100x100.png 100w, https:\/\/shop.crenali.de\/blog\/wp-content\/uploads\/2020\/12\/9.png 1080w\" sizes=\"(max-width: 767px) 89vw, (max-width: 1000px) 54vw, (max-width: 1071px) 543px, 580px\" \/><figcaption>Worklifebalance &#8211; Klettern befreit!<\/figcaption><\/figure><\/div>\n\n\n<h3><span class=\"ez-toc-section\" id=\"pack-die-wander-oder-kletterschuhe-ein\"><\/span><strong>Pack die Wander- oder Kletterschuhe ein!<\/strong><span class=\"ez-toc-section-end\"><\/span><\/h3>\n\n\n\n<p>Meine Liebe zur Natur spiegelt sich durchaus auch in den Freizeitaktivit\u00e4ten wieder &#8211; Gott sei Dank! Denn so konnten wir auch w\u00e4hrend der Pandemie unsere Hobbys weiter leben.<\/p>\n\n\n\n<p>Was mich unwahrscheinlich freut ist, dass die Kinder meine Leidenschaft in diesen Punkten teilen und so waren wir bis zum Lockdown regelm\u00e4\u00dfig klettern und haben uns anschlie\u00dfend mit Wandern durch die W\u00e4lder geschlagen.<\/p>\n\n\n\n<p>Wer gerne klettert und im s\u00fcdbadischen Raum unterwegs ist, dem kann ich die Boulderhalle L\u00f6 Bloc empfehlen!<\/p>\n\n\n\n<div class=\"wp-container-3 is-content-justification-center wp-block-buttons\">\n<div class=\"wp-block-button\"><a class=\"wp-block-button__link\" href=\"https:\/\/bouldercenter-grenzach-wyhlen.de\/\" target=\"_blank\" rel=\"noreferrer noopener\">L\u00f6 Bloc &#8211; die Boulderhalle in Grenzach-Wyhlen<\/a><\/div>\n<\/div>\n\n\n\n<p>So sch\u00f6n ist unsere Heimat &#8211; einfach ein paar Schritte vor die T\u00fcr und wir sind am Rhein oder im Schwarzwald, genial!<\/p>\n\n\n<div class=\"wp-block-image\">\n<figure class=\"aligncenter size-large\"><img loading=\"lazy\" width=\"1024\" height=\"1024\" src=\"https:\/\/shop.crenali.de\/blog\/wp-content\/uploads\/2020\/12\/10-1024x1024.png\" alt=\"Raus in die Natur - Wandern bei Wind und Wetter\" class=\"wp-image-211\" srcset=\"https:\/\/shop.crenali.de\/blog\/wp-content\/uploads\/2020\/12\/10-1024x1024.png 1024w, https:\/\/shop.crenali.de\/blog\/wp-content\/uploads\/2020\/12\/10-300x300.png 300w, https:\/\/shop.crenali.de\/blog\/wp-content\/uploads\/2020\/12\/10-150x150.png 150w, https:\/\/shop.crenali.de\/blog\/wp-content\/uploads\/2020\/12\/10-768x768.png 768w, https:\/\/shop.crenali.de\/blog\/wp-content\/uploads\/2020\/12\/10-100x100.png 100w, https:\/\/shop.crenali.de\/blog\/wp-content\/uploads\/2020\/12\/10.png 1080w\" sizes=\"(max-width: 767px) 89vw, (max-width: 1000px) 54vw, (max-width: 1071px) 543px, 580px\" \/><figcaption>Raus in die Natur: Wandern? Ja klar! Da macht auch das bisschen Regen nichts.<\/figcaption><\/figure><\/div>\n\n\n<h3><span class=\"ez-toc-section\" id=\"das-fitnessstudio-und-ich\"><\/span><strong>Das Fitnessstudio und ich<\/strong><span class=\"ez-toc-section-end\"><\/span><\/h3>\n\n\n\n<p>Das muss das Jahr der \u00c4nderungen sein: &#8222;Niemals tue ich&#8230;&#8220; diese Aussage erinnert dich vielleicht an meine gestrickten Socken. Und genau richtig &#8211; niemals wollte ich in ein Fitnessstudio gehen. Zu viele negative Erinnerungen an 18 Jahre Ballett hingen daran. W\u00e4ren da nicht die Wehwehchen&#8230;<\/p>\n\n\n\n<p>Also los &#8211; inneren Schweinehund \u00fcberwinden und sich etwas Gutes tun. Wenn man die Hanse-fit Karte hat, dann gibt es quasi keine Entschuldigung mehr, nicht ins Studio zu gehen und Physio &amp; Sport zu vereinen. Und siehe da: R\u00fccken und Knie danken es mir. Bl\u00f6d nur, dass kurz nach dem Motivationsschub der Lockdown kam. \ud83e\udd23<\/p>\n\n\n\n<div class=\"wp-container-4 is-content-justification-center wp-block-buttons\">\n<div class=\"wp-block-button\"><a class=\"wp-block-button__link\" href=\"https:\/\/rueckgrat-muellheim.de\/\" target=\"_blank\" rel=\"noreferrer noopener\">R\u00fcckgrat M\u00fcllheim<\/a><\/div>\n<\/div>\n\n\n\n<h2><span class=\"ez-toc-section\" id=\"ein-berufliches-standbein-beleuchtet-im-jahresrueckblick-2020\"><\/span><strong>Ein berufliches Standbein? Beleuchtet im Jahresr\u00fcckblick 2020<\/strong><span class=\"ez-toc-section-end\"><\/span><\/h2>\n\n\n\n<p>Wenn ich gefragt werde, was ich beruflich so mache, entscheide ich meistsehr spontan, welche Antwort ich gebe. Immerhin habe ich nicht ein oder zwei berufliche Standbeine, sondern drei. \ud83d\ude05 Aber wieso eigentlich?<\/p>\n\n\n\n<p>Antworten wie &#8222;DAS ist ein Beruf?!&#8220;, &#8222;Das k\u00f6nnte ich nie!&#8220;, &#8222;Oh, anspruchsvoll!&#8220; haben mich oft gr\u00fcbeln lassen, was ich wem antworte.<\/p>\n\n\n\n<p>Aber damit ist jetzt Schluss! \ud83d\ude09<\/p>\n\n\n\n<p>Nach Deputat gestaffelt sind das:<\/p>\n\n\n\n<ul><li>Pflanzenf\u00e4rberin und somit der Kopf hinter Crenali &#8211; das ist meine absolute Passion \u2764\ufe0f Damit ist es nat\u00fcrlich auch meine Hauptt\u00e4tigkeit, die durch Kurse, Workshops und Events wunderbar durchmischt wird.<\/li><\/ul>\n\n\n<div class=\"wp-block-image\">\n<figure class=\"aligncenter size-large\"><img loading=\"lazy\" width=\"1024\" height=\"1024\" src=\"https:\/\/shop.crenali.de\/blog\/wp-content\/uploads\/2020\/12\/11-1024x1024.png\" alt=\"Wollmarkt Vaterstetten mit Papa Crenali 2019\" class=\"wp-image-212\" srcset=\"https:\/\/shop.crenali.de\/blog\/wp-content\/uploads\/2020\/12\/11-1024x1024.png 1024w, https:\/\/shop.crenali.de\/blog\/wp-content\/uploads\/2020\/12\/11-300x300.png 300w, https:\/\/shop.crenali.de\/blog\/wp-content\/uploads\/2020\/12\/11-150x150.png 150w, https:\/\/shop.crenali.de\/blog\/wp-content\/uploads\/2020\/12\/11-768x768.png 768w, https:\/\/shop.crenali.de\/blog\/wp-content\/uploads\/2020\/12\/11-100x100.png 100w, https:\/\/shop.crenali.de\/blog\/wp-content\/uploads\/2020\/12\/11.png 1080w\" sizes=\"(max-width: 767px) 89vw, (max-width: 1000px) 54vw, (max-width: 1071px) 543px, 580px\" \/><figcaption>Wollmarkt Vaterstetten im Oktober 2019 &#8211; mit Papa Crenali<\/figcaption><\/figure><\/div>\n\n\n<ul><li>Dozentin f\u00fcr Notfallmedizin in der Schweiz &#8211; Ersthelfer oder Notarzt? Ich bilde sie alle fort \ud83e\udd13 Seit 2010 unterrichte ich sowohl in Deutschland als auch der Schweiz Laien, medizinisches Fachpersonal, Betriebsfeuerwehren und \u00c4rzte in Themen der (Notfall-) Medizin.<\/li><\/ul>\n\n\n<div class=\"wp-block-image\">\n<figure class=\"aligncenter size-large\"><img loading=\"lazy\" width=\"1024\" height=\"1024\" src=\"https:\/\/shop.crenali.de\/blog\/wp-content\/uploads\/2020\/12\/12-1024x1024.png\" alt=\"Notfallrucksack - Dozentin f\u00fcr Notfallmedizin\" class=\"wp-image-213\" srcset=\"https:\/\/shop.crenali.de\/blog\/wp-content\/uploads\/2020\/12\/12-1024x1024.png 1024w, https:\/\/shop.crenali.de\/blog\/wp-content\/uploads\/2020\/12\/12-300x300.png 300w, https:\/\/shop.crenali.de\/blog\/wp-content\/uploads\/2020\/12\/12-150x150.png 150w, https:\/\/shop.crenali.de\/blog\/wp-content\/uploads\/2020\/12\/12-768x768.png 768w, https:\/\/shop.crenali.de\/blog\/wp-content\/uploads\/2020\/12\/12-100x100.png 100w, https:\/\/shop.crenali.de\/blog\/wp-content\/uploads\/2020\/12\/12.png 1080w\" sizes=\"(max-width: 767px) 89vw, (max-width: 1000px) 54vw, (max-width: 1071px) 543px, 580px\" \/><figcaption>Immer mit dabei &#8211; der Notfallrucksack f\u00fcr alle (Not-) F\u00e4lle.<\/figcaption><\/figure><\/div>\n\n\n<ul><li>Notfallsanit\u00e4terin in der Notfallrettung &#8211; inzwischen seit 17 Jahren. Die Entscheidung zu reduzieren war eine der besten meines Lebens. Aber ganz ohne? Kann ich halt doch nicht. \ud83d\ude43<\/li><\/ul>\n\n\n\n<figure class=\"wp-block-image size-large\"><img loading=\"lazy\" width=\"1024\" height=\"1024\" src=\"https:\/\/shop.crenali.de\/blog\/wp-content\/uploads\/2020\/12\/13-1024x1024.png\" alt=\"Notfallmedizin - Notfallsanit\u00e4ter - Rettungsdienst\" class=\"wp-image-214\" srcset=\"https:\/\/shop.crenali.de\/blog\/wp-content\/uploads\/2020\/12\/13-1024x1024.png 1024w, https:\/\/shop.crenali.de\/blog\/wp-content\/uploads\/2020\/12\/13-300x300.png 300w, https:\/\/shop.crenali.de\/blog\/wp-content\/uploads\/2020\/12\/13-150x150.png 150w, https:\/\/shop.crenali.de\/blog\/wp-content\/uploads\/2020\/12\/13-768x768.png 768w, https:\/\/shop.crenali.de\/blog\/wp-content\/uploads\/2020\/12\/13-100x100.png 100w, https:\/\/shop.crenali.de\/blog\/wp-content\/uploads\/2020\/12\/13.png 1080w\" sizes=\"(max-width: 767px) 89vw, (max-width: 1000px) 54vw, (max-width: 1071px) 543px, 580px\" \/><figcaption>Einmal Retter, immer Retter.<\/figcaption><\/figure>\n\n\n\n<h2><span class=\"ez-toc-section\" id=\"business-mom-und-dann-kam-corona\"><\/span><strong>Business-Mom &#8211; und dann kam Corona<\/strong><span class=\"ez-toc-section-end\"><\/span><\/h2>\n\n\n\n<p>Kreativ, motiviert und engagiert waren die ersten drei Monate des Jahres 2020. Und dann passierte es: Lockdown, Schule zu, Kinder daheim. \ud83d\ude05<\/p>\n\n\n\n<p>Es f\u00fchlte sich an wie ein gro\u00dfer Knall und das Rauschen in den Ohren hielt an. Auch die Nachricht, dass man als systemrelevant gilt und die Kinder in die Notbetreuung d\u00fcrfen, half da nicht viel. <\/p>\n\n\n\n<p>Bewusst entschieden wir uns anfangs dagegen, die Kinder betreuen zu lassen und arrangierten uns mit Homeschooling und (soweit m\u00f6glich) Homeoffice. Zu unsicher war uns die Situation, auch da ich in der Notfallrettung erleben musste, wie gravierend die Einschnitte durch Corona selbst bei jungen Menschen sein kann.<\/p>\n\n\n\n<p>F\u00fcr mich bedeutete das einen riesen Spagat zwischen Business und Familie: Tags\u00fcber wurden die Kinder bespasst und beschult und abends gab es dann Nachtschichten in der Werkstatt. Und die Dienste auf Rettungs- und Notarztwagen liefen nat\u00fcrlich auch weiter.<\/p>\n\n\n\n<h3><span class=\"ez-toc-section\" id=\"und-jetzt-ist-das-mein-berufliches-aus\"><\/span><strong>Und jetzt? Ist das mein berufliches Aus?<\/strong><span class=\"ez-toc-section-end\"><\/span><\/h3>\n\n\n\n<p>Mit Lockdown und Veranstaltungsverboten wallte vielerorts eine Unsicherheit auf: Wie geht es beruflich weiter? Von 9 geplanten Veranstaltungen wurden alle abgesagt. Laufende Kosten waren aber nat\u00fcrlich da.<\/p>\n\n\n\n<p>Ich bin unendlich froh, dass ich von Anfang an auch Onlinebusiness gro\u00df geschrieben habe und somit ein Fundament existiert, das mich auch in Krisenzeiten auff\u00e4ngt. Sicherlich war es nicht das umsatzst\u00e4rkste Jahr, aber hey: Wir haben die Pandemie gesch\u00e4ftlich \u00fcberlebt! Und da bin ich wirklich m\u00e4chtig stolz drauf.<\/p>\n\n\n<div class=\"wp-block-image\">\n<figure class=\"aligncenter size-large\"><img loading=\"lazy\" width=\"1024\" height=\"1024\" src=\"https:\/\/shop.crenali.de\/blog\/wp-content\/uploads\/2020\/12\/14-1024x1024.png\" alt=\"Richtungswechsel - Business-Mom\" class=\"wp-image-215\" srcset=\"https:\/\/shop.crenali.de\/blog\/wp-content\/uploads\/2020\/12\/14-1024x1024.png 1024w, https:\/\/shop.crenali.de\/blog\/wp-content\/uploads\/2020\/12\/14-300x300.png 300w, https:\/\/shop.crenali.de\/blog\/wp-content\/uploads\/2020\/12\/14-150x150.png 150w, https:\/\/shop.crenali.de\/blog\/wp-content\/uploads\/2020\/12\/14-768x768.png 768w, https:\/\/shop.crenali.de\/blog\/wp-content\/uploads\/2020\/12\/14-100x100.png 100w, https:\/\/shop.crenali.de\/blog\/wp-content\/uploads\/2020\/12\/14.png 1080w\" sizes=\"(max-width: 767px) 89vw, (max-width: 1000px) 54vw, (max-width: 1071px) 543px, 580px\" \/><figcaption>Wie geht es weiter mit oder nach der Pandemie? Auch ich war anfangs unsicher.<\/figcaption><\/figure><\/div>\n\n\n<h3><span class=\"ez-toc-section\" id=\"corona-ein-grund-den-kopf-in-den-sand-zu-stecken\"><\/span><strong>Corona &#8211; ein Grund den Kopf in den Sand zu stecken?<\/strong><span class=\"ez-toc-section-end\"><\/span><\/h3>\n\n\n\n<p>Sicherlich gab es Momente, an denen ich mich am liebsten heulend in mein Bett verkrochen h\u00e4tte. <\/p>\n\n\n\n<p>Konstante L\u00e4rmkulisse (ich bewundere alle Erzieher und Lehrer, die das tagt\u00e4glich aushalten m\u00fcssen!), nicht ausgelastete Kinder, Frust und Tr\u00e4nen, dass keine Treffen, keine Feste und keine Urlaube m\u00f6glich sind, wie geplant. <\/p>\n\n\n\n<p>Schlafmangel? Und wie! Und doch funktioniert man irgendwie. Ob das gesund ist? Ich glaube nicht&#8230;<\/p>\n\n\n\n<p>Und auch hier gibt es Learnings f\u00fcr mich: Nachtschichten? Die gibt es m\u00f6glichst nur noch im Rettungsdienst. Crenali darf f\u00fcr Fr\u00fchschichten dienen. Und so ist die Worklifebalance deutlich besser ausgewogen &#8211; man k\u00f6nnte noch optimieren, aber grunds\u00e4tzlich existiert sie. \ud83d\ude09<\/p>\n\n\n\n<p>Ein kleines hyperaktives Eichh\u00f6rnchen bremst man halt auch nicht so einfach. \ud83e\udd23<\/p>\n\n\n\n<h2><span class=\"ez-toc-section\" id=\"kleine-auszeiten-mitten-im-alltag\"><\/span><strong>Kleine Auszeiten mitten im Alltag<\/strong><span class=\"ez-toc-section-end\"><\/span><\/h2>\n\n\n\n<p>Neben all den beruflichen Projekten und Zielen darf man nur eines nicht aus den Augen verlieren: Wir sind Menschen und keine Maschinen!<\/p>\n\n\n\n<p>Umso mehr habe ich mit viel Freude meine Leselust wieder entdeckt und habe einige B\u00fccher verschlungen. Und ich gestehe: eBooks sind so gar nichts f\u00fcr mich. Da muss es ganz altmodisch das normale Buch sein, an dem ich riechen, es durchbl\u00e4ttern und anfassen kann.<\/p>\n\n\n\n<p>Und wenn ich mal strickenderweise nicht lesen kann, dann m\u00fcssen H\u00f6rb\u00fccher herhalten. Die sind \u00fcbrigens auch super beim B\u00fcgeln oder Putzen. \u270c\ud83c\udffc<\/p>\n\n\n<div class=\"wp-block-image\">\n<figure class=\"aligncenter size-large\"><img loading=\"lazy\" width=\"1024\" height=\"1024\" src=\"https:\/\/shop.crenali.de\/blog\/wp-content\/uploads\/2020\/12\/15-1024x1024.png\" alt=\"B\u00fccherliebe - Leselust\" class=\"wp-image-216\" srcset=\"https:\/\/shop.crenali.de\/blog\/wp-content\/uploads\/2020\/12\/15-1024x1024.png 1024w, https:\/\/shop.crenali.de\/blog\/wp-content\/uploads\/2020\/12\/15-300x300.png 300w, https:\/\/shop.crenali.de\/blog\/wp-content\/uploads\/2020\/12\/15-150x150.png 150w, https:\/\/shop.crenali.de\/blog\/wp-content\/uploads\/2020\/12\/15-768x768.png 768w, https:\/\/shop.crenali.de\/blog\/wp-content\/uploads\/2020\/12\/15-100x100.png 100w, https:\/\/shop.crenali.de\/blog\/wp-content\/uploads\/2020\/12\/15.png 1080w\" sizes=\"(max-width: 767px) 89vw, (max-width: 1000px) 54vw, (max-width: 1071px) 543px, 580px\" \/><figcaption>Kleine Auszeiten mitten im Alltag: B\u00fccher &#8211; schon immer ein fester Bestandteil in meinem Leben.<\/figcaption><\/figure><\/div>\n\n\n<h3><span class=\"ez-toc-section\" id=\"einfach-mal-den-kopf-durchlueften-ostseeliebe\"><\/span><strong>Einfach mal den Kopf durchl\u00fcften &#8211; Ostseeliebe<\/strong><span class=\"ez-toc-section-end\"><\/span><\/h3>\n\n\n\n<p>Manchmal muss es aber dann doch ein Ortswechsel sein und so zog es mich dieses Jahr mehrfach auf die Insel Fehmarn, auf der ich vor einigen Jahren meine ersten Schritte in der Notfallrettung gegangen bin. Meine Familie teilt gl\u00fccklicherweise meine Meer-Liebe und so konnten wir gemeinsam Freunde besuchen, lange Strandspazierg\u00e4nge machen und einfach mal die Seele baumeln und den Kopf durchl\u00fcften lassen.<\/p>\n\n\n<div class=\"wp-block-image\">\n<figure class=\"aligncenter size-large\"><img loading=\"lazy\" width=\"1024\" height=\"1024\" src=\"https:\/\/shop.crenali.de\/blog\/wp-content\/uploads\/2020\/12\/16-1024x1024.png\" alt=\"Ostseeliebe - Fehmarn\" class=\"wp-image-217\" srcset=\"https:\/\/shop.crenali.de\/blog\/wp-content\/uploads\/2020\/12\/16-1024x1024.png 1024w, https:\/\/shop.crenali.de\/blog\/wp-content\/uploads\/2020\/12\/16-300x300.png 300w, https:\/\/shop.crenali.de\/blog\/wp-content\/uploads\/2020\/12\/16-150x150.png 150w, https:\/\/shop.crenali.de\/blog\/wp-content\/uploads\/2020\/12\/16-768x768.png 768w, https:\/\/shop.crenali.de\/blog\/wp-content\/uploads\/2020\/12\/16-100x100.png 100w, https:\/\/shop.crenali.de\/blog\/wp-content\/uploads\/2020\/12\/16.png 1080w\" sizes=\"(max-width: 767px) 89vw, (max-width: 1000px) 54vw, (max-width: 1071px) 543px, 580px\" \/><figcaption>Ostseeliebe &#8211; seit 2006 wohne ich nicht mehr in Kiel, aber mein Herz blieb im Norden.<\/figcaption><\/figure><\/div>\n\n\n<p>Strickend im Strandkorb oder mit wehendem Haar segeln? Super &#8211; bin ich bei beidem dabei. \ud83d\ude09<\/p>\n\n\n\n<div class=\"wp-container-5 is-content-justification-center wp-block-buttons\">\n<div class=\"wp-block-button\"><a class=\"wp-block-button__link\" href=\"https:\/\/www.fehmarn.de\/\" target=\"_blank\" rel=\"noreferrer noopener\">Die Sonneninsel Fehmarn<\/a><\/div>\n<\/div>\n\n\n\n<h3><span class=\"ez-toc-section\" id=\"schnauze-voll-von-der-familie-auch-da-gibts-eine-loesung\"><\/span><strong>Schnauze voll von der Familie? Auch da gibt&#8217;s eine L\u00f6sung!<\/strong><span class=\"ez-toc-section-end\"><\/span><\/h3>\n\n\n\n<p>Und wenn die Familie mal daheim bleiben soll, kann ich es nur empfehlen, sich mal eine Auszeit mit Freunden zu g\u00f6nnen. Gemeinsam mit Christiane von LismiKnits durfte ich eine wundervolle Woche verbringen, in der wir wahnsinnig viel geredet und gelacht haben. Wir konnten gemeinsam stricken, stundenlang laufen, kreativ brainstormen und so viel mehr.<\/p>\n\n\n<div class=\"wp-block-image\">\n<figure class=\"aligncenter size-large\"><img loading=\"lazy\" width=\"1024\" height=\"1024\" src=\"https:\/\/shop.crenali.de\/blog\/wp-content\/uploads\/2020\/12\/17-1024x1024.png\" alt=\"Auszeit - LismiKnits - Freundschaft\" class=\"wp-image-218\" srcset=\"https:\/\/shop.crenali.de\/blog\/wp-content\/uploads\/2020\/12\/17-1024x1024.png 1024w, https:\/\/shop.crenali.de\/blog\/wp-content\/uploads\/2020\/12\/17-300x300.png 300w, https:\/\/shop.crenali.de\/blog\/wp-content\/uploads\/2020\/12\/17-150x150.png 150w, https:\/\/shop.crenali.de\/blog\/wp-content\/uploads\/2020\/12\/17-768x768.png 768w, https:\/\/shop.crenali.de\/blog\/wp-content\/uploads\/2020\/12\/17-100x100.png 100w, https:\/\/shop.crenali.de\/blog\/wp-content\/uploads\/2020\/12\/17.png 1080w\" sizes=\"(max-width: 767px) 89vw, (max-width: 1000px) 54vw, (max-width: 1071px) 543px, 580px\" \/><figcaption>Manchmal muss es auch eine Auszeit ohne Familie sein &#8211; Freunde sind der perfekte Ausgleich!<\/figcaption><\/figure><\/div>\n\n\n<p>Und wenn alles klappt, dann haben wir auch die Planung f\u00fcr die Wollsymphonie Vol. 2 in 2021 gelegt. <\/p>\n\n\n\n<div class=\"wp-container-6 is-content-justification-center wp-block-buttons\">\n<div class=\"wp-block-button\"><a class=\"wp-block-button__link\" href=\"https:\/\/www.lismiknits.de\/\" target=\"_blank\" rel=\"noreferrer noopener\">Lismi Knits<\/a><\/div>\n\n\n\n<div class=\"wp-block-button\"><a class=\"wp-block-button__link\" href=\"https:\/\/www.wollsymphonie.de\" target=\"_blank\" rel=\"noreferrer noopener\">Wollsymphonie<\/a><\/div>\n<\/div>\n\n\n\n<h2><span class=\"ez-toc-section\" id=\"corona-fluch-oder-chance\"><\/span><strong>Corona &#8211; Fluch oder Chance?<\/strong><span class=\"ez-toc-section-end\"><\/span><\/h2>\n\n\n\n<p>Manchmal brauch man einen Schreck, um sein wirkliches Potential zu entdecken. Wenn der eigentliche Vertriebsweg einbricht, dann steht man erstmal wie der Ochs vor\u00b4m Berg. Was jetzt?!<\/p>\n\n\n\n<p>Meine Ausrichtung mehr in die digitale Welt begann zum Gl\u00fcck vor Corona. Und in diesem Zusammenhang war die Pandemie tats\u00e4chlich eine gro\u00dfe Chance. Denn: All die Zeit, die ich sonst irgendwo in Deutschland in Hotels oder Messehallen verbracht h\u00e4tte, die konnte ich jetzt fokussiert auf Social Media setzen. Think positive!<\/p>\n\n\n\n<h3><span class=\"ez-toc-section\" id=\"privates-learning-durch-die-pandemie\"><\/span><strong>Privates Learning durch die Pandemie<\/strong><span class=\"ez-toc-section-end\"><\/span><\/h3>\n\n\n\n<p>Was allerdings schon etwas war, was mich und auch uns als Familie auf eine Probe gestellt hat war die Vereinbarkeit von Familie und Beruf. Da denkt man, das kann man perfekt, so ist man dann doch lernf\u00e4hig. Denn &#8222;Halbtags-Kinder&#8220; sind deutlich entspannter als die, die vormittags von Mama oder Papa pl\u00f6tzlich beschult werden sollen. Vor allen Dingen solche Energiebolzen, wie meine Kinder es sind. \ud83d\ude05<\/p>\n\n\n\n<p>Aber auch das: Eine Chance! Gemeinsam als Familie neue Ziele setzen. Den Alltag neu gestalten. Und etwas bewegen. Im Kleinen und doch f\u00fcr alle Familienmitglieder ein riesen Erfolg.<\/p>\n\n\n\n<h4><span class=\"ez-toc-section\" id=\"welches-fazit-ziehe-ich-fuer-mich\"><\/span>Welches Fazit ziehe ich f\u00fcr mich? <span class=\"ez-toc-section-end\"><\/span><\/h4>\n\n\n\n<p>Nun liegt fast 1 Jahr Corona hinter uns &#8211; die zweite Welle zeigt mir, dass ich durch meinen medizinischen Anteil im Berufsleben so viele Eindr\u00fccke erlange, die der \u00d6ffentlichkeit vorenthalten wird. Wut, Verzweiflung, Entt\u00e4uschung. Alles Gef\u00fchle, die mir sowohl dienstlich, als auch privat immer wieder begegnen. \u00dcberlastete Kliniken, erkrankte Kollegen oder Familienmitglieder. Es wird pl\u00f6tzlich greifbar, dabei will man das gar nicht. <\/p>\n\n\n\n<p>Aber auch das sehe ich als Chance, an meinem Mindset zu arbeiten. Ich m\u00f6chte mich nicht mitreissen lassen von schlechter Laune und Agressivit\u00e4t, die einem pl\u00f6tzlich selbst beim Einkaufen begegnen.<\/p>\n\n\n\n<p>Kurzum: Wir h\u00f6ren nie auf zu lernen und zu wachsen!<\/p>\n\n\n<div class=\"wp-block-image\">\n<figure class=\"aligncenter size-large\"><img loading=\"lazy\" width=\"1024\" height=\"1024\" src=\"https:\/\/shop.crenali.de\/blog\/wp-content\/uploads\/2020\/12\/18-1024x1024.png\" alt=\"Ausblicke - Was wartet 2021 auf mich?\" class=\"wp-image-219\" srcset=\"https:\/\/shop.crenali.de\/blog\/wp-content\/uploads\/2020\/12\/18-1024x1024.png 1024w, https:\/\/shop.crenali.de\/blog\/wp-content\/uploads\/2020\/12\/18-300x300.png 300w, https:\/\/shop.crenali.de\/blog\/wp-content\/uploads\/2020\/12\/18-150x150.png 150w, https:\/\/shop.crenali.de\/blog\/wp-content\/uploads\/2020\/12\/18-768x768.png 768w, https:\/\/shop.crenali.de\/blog\/wp-content\/uploads\/2020\/12\/18-100x100.png 100w, https:\/\/shop.crenali.de\/blog\/wp-content\/uploads\/2020\/12\/18.png 1080w\" sizes=\"(max-width: 767px) 89vw, (max-width: 1000px) 54vw, (max-width: 1071px) 543px, 580px\" \/><figcaption>Blick zur\u00fcck oder nach vorne? Die Antwort liegt auf der Hand, oder?<\/figcaption><\/figure><\/div>\n\n\n<h2><span class=\"ez-toc-section\" id=\"was-wartet-2021-auf-mich\"><\/span><strong>Was wartet 2021 auf mich?<\/strong><span class=\"ez-toc-section-end\"><\/span><\/h2>\n\n\n\n<p>Ich bin davon \u00fcberzeugt, dass es 2021 einfach nur toll werden kann. Inzwischen sind wir Pandemie erprobt und haben Abl\u00e4ufe optimiert und entwickelt, um nicht mehr so schnell aus der Bahn geworfen zu werden.<\/p>\n\n\n\n<p>Als Jahresmotto f\u00fcr 2021 steht f\u00fcr mich <strong>&#8222;<em>Entfaltung<\/em>&#8222;<\/strong> &#8211; wie der Schmetterling, der aus dem Kokon schl\u00fcpft und sich verwandelt.<\/p>\n\n\n\n<p>Welche Verwandlung das sein wird? Lass dich \u00fcberraschen!<\/p>\n\n\n\n<p>Weiter hoffe ich nat\u00fcrlich, dass wir uns wieder live auf Messen und M\u00e4rkten sehen k\u00f6nnen. Vor allen Dingen aber w\u00fcnsche ich euch allen, dass ihr und eure Lieben gesund bleiben und ihr optimistisch ins neue Jahr starten k\u00f6nnt!<\/p>\n\n\n\n<p>Mit diesen Worten m\u00f6chte ich nun auch gerne enden &#8211; blicken wir positiv gemeinsam in die Zukunft und lassen uns \u00fcberraschen, was das Jahr 2021 so bringen wird!<\/p>\n","protected":false},"excerpt":{"rendered":"<p>Mein Jahresr\u00fcckblick 2020 &#8211; Eindr\u00fccke und Erlebnisse aus Business und Privatleben mitten in der Corona Pandemie.<\/p>\n","protected":false},"author":1,"featured_media":0,"comment_status":"open","ping_status":"open","sticky":false,"template":"","format":"standard","meta":[],"categories":[1,114],"tags":[116],"yoast_head":"<!-- This site is optimized with the Yoast SEO plugin v19.8 - https:\/\/yoast.com\/wordpress\/plugins\/seo\/ -->\n<title>Jahresr\u00fcckblick 2020 rund um pflanzengef\u00e4rbte Wolle - Crenali handmade bloggt<\/title>\n<meta name=\"description\" content=\"Jahresr\u00fcckblick 2020 - rund um pflanzengef\u00e4rbte Wolle, stricken, eine Prise Pers\u00f6nliches und ganz viele Blicke hinter die Kulissen.\" \/>\n<meta name=\"robots\" content=\"index, follow, max-snippet:-1, max-image-preview:large, max-video-preview:-1\" \/>\n<link rel=\"canonical\" href=\"https:\/\/shop.crenali.de\/blog\/jahresruckblick-2020\/\" \/>\n<meta property=\"og:locale\" content=\"de_DE\" \/>\n<meta property=\"og:type\" content=\"article\" \/>\n<meta property=\"og:title\" content=\"Jahresr\u00fcckblick 2020 rund um pflanzengef\u00e4rbte Wolle - Crenali handmade bloggt\" \/>\n<meta property=\"og:description\" content=\"Jahresr\u00fcckblick 2020 - rund um pflanzengef\u00e4rbte Wolle, stricken, eine Prise Pers\u00f6nliches und ganz viele Blicke hinter die Kulissen.\" \/>\n<meta property=\"og:url\" content=\"https:\/\/shop.crenali.de\/blog\/jahresruckblick-2020\/\" \/>\n<meta property=\"og:site_name\" content=\"Crenali handmade bloggt\" \/>\n<meta property=\"article:publisher\" content=\"https:\/\/www.fb.com\/crenali\" \/>\n<meta property=\"article:author\" content=\"https:\/\/www.facebook.com\/crenali\" \/>\n<meta property=\"article:published_time\" content=\"2020-12-31T14:15:16+00:00\" \/>\n<meta property=\"article:modified_time\" content=\"2023-09-19T09:49:14+00:00\" \/>\n<meta property=\"og:image\" content=\"https:\/\/shop.crenali.de\/blog\/wp-content\/uploads\/2020\/12\/2-6-1024x1024.png\" \/>\n<meta name=\"author\" content=\"Dorothea J. Richter\" \/>\n<meta name=\"twitter:card\" content=\"summary_large_image\" \/>\n<meta name=\"twitter:label1\" content=\"Verfasst von\" \/>\n\t<meta name=\"twitter:data1\" content=\"Dorothea J. Richter\" \/>\n\t<meta name=\"twitter:label2\" content=\"Gesch\u00e4tzte Lesezeit\" \/>\n\t<meta name=\"twitter:data2\" content=\"21 Minuten\" \/>\n<script type=\"application\/ld+json\" class=\"yoast-schema-graph\">{\"@context\":\"https:\/\/schema.org\",\"@graph\":[{\"@type\":\"Article\",\"@id\":\"https:\/\/shop.crenali.de\/blog\/jahresruckblick-2020\/#article\",\"isPartOf\":{\"@id\":\"https:\/\/shop.crenali.de\/blog\/jahresruckblick-2020\/\"},\"author\":{\"name\":\"Dorothea J. Richter\",\"@id\":\"https:\/\/shop.crenali.de\/blog\/#\/schema\/person\/2f9f3e49b300308c8aaf11894b7484af\"},\"headline\":\"Jahresr\u00fcckblick 2020 rund um pflanzengef\u00e4rbte Wolle\",\"datePublished\":\"2020-12-31T14:15:16+00:00\",\"dateModified\":\"2023-09-19T09:49:14+00:00\",\"mainEntityOfPage\":{\"@id\":\"https:\/\/shop.crenali.de\/blog\/jahresruckblick-2020\/\"},\"wordCount\":3126,\"commentCount\":2,\"publisher\":{\"@id\":\"https:\/\/shop.crenali.de\/blog\/#organization\"},\"keywords\":[\"Jahresr\u00fcckblick\"],\"articleSection\":{\"1\":\"R\u00fcckblick\"},\"inLanguage\":\"de-DE\",\"potentialAction\":[{\"@type\":\"CommentAction\",\"name\":\"Comment\",\"target\":[\"https:\/\/shop.crenali.de\/blog\/jahresruckblick-2020\/#respond\"]}]},{\"@type\":\"WebPage\",\"@id\":\"https:\/\/shop.crenali.de\/blog\/jahresruckblick-2020\/\",\"url\":\"https:\/\/shop.crenali.de\/blog\/jahresruckblick-2020\/\",\"name\":\"Jahresr\u00fcckblick 2020 rund um pflanzengef\u00e4rbte Wolle - Crenali handmade bloggt\",\"isPartOf\":{\"@id\":\"https:\/\/shop.crenali.de\/blog\/#website\"},\"datePublished\":\"2020-12-31T14:15:16+00:00\",\"dateModified\":\"2023-09-19T09:49:14+00:00\",\"description\":\"Jahresr\u00fcckblick 2020 - rund um pflanzengef\u00e4rbte Wolle, stricken, eine Prise Pers\u00f6nliches und ganz viele Blicke hinter die Kulissen.\",\"breadcrumb\":{\"@id\":\"https:\/\/shop.crenali.de\/blog\/jahresruckblick-2020\/#breadcrumb\"},\"inLanguage\":\"de-DE\",\"potentialAction\":[{\"@type\":\"ReadAction\",\"target\":[\"https:\/\/shop.crenali.de\/blog\/jahresruckblick-2020\/\"]}]},{\"@type\":\"BreadcrumbList\",\"@id\":\"https:\/\/shop.crenali.de\/blog\/jahresruckblick-2020\/#breadcrumb\",\"itemListElement\":[{\"@type\":\"ListItem\",\"position\":1,\"name\":\"Startseite\",\"item\":\"https:\/\/shop.crenali.de\/blog\/\"},{\"@type\":\"ListItem\",\"position\":2,\"name\":\"Jahresr\u00fcckblick 2020 rund um pflanzengef\u00e4rbte Wolle\"}]},{\"@type\":\"WebSite\",\"@id\":\"https:\/\/shop.crenali.de\/blog\/#website\",\"url\":\"https:\/\/shop.crenali.de\/blog\/\",\"name\":\"Crenali handmade bloggt\",\"description\":\"Jetzt reden wir Klartext!\",\"publisher\":{\"@id\":\"https:\/\/shop.crenali.de\/blog\/#organization\"},\"potentialAction\":[{\"@type\":\"SearchAction\",\"target\":{\"@type\":\"EntryPoint\",\"urlTemplate\":\"https:\/\/shop.crenali.de\/blog\/?s={search_term_string}\"},\"query-input\":\"required name=search_term_string\"}],\"inLanguage\":\"de-DE\"},{\"@type\":\"Organization\",\"@id\":\"https:\/\/shop.crenali.de\/blog\/#organization\",\"name\":\"Crenali handmade\",\"url\":\"https:\/\/shop.crenali.de\/blog\/\",\"sameAs\":[\"https:\/\/www.instagram.com\/creative.natural.living\",\"https:\/\/www.linkedin.com\/in\/crenali\/\",\"https:\/\/www.pinterest.de\/Crenali\/\",\"https:\/\/www.fb.com\/crenali\"],\"logo\":{\"@type\":\"ImageObject\",\"inLanguage\":\"de-DE\",\"@id\":\"https:\/\/shop.crenali.de\/blog\/#\/schema\/logo\/image\/\",\"url\":\"https:\/\/shop.crenali.de\/blog\/wp-content\/uploads\/2020\/05\/cropped-Crenali_Logo-01-2.png\",\"contentUrl\":\"https:\/\/shop.crenali.de\/blog\/wp-content\/uploads\/2020\/05\/cropped-Crenali_Logo-01-2.png\",\"width\":250,\"height\":250,\"caption\":\"Crenali handmade\"},\"image\":{\"@id\":\"https:\/\/shop.crenali.de\/blog\/#\/schema\/logo\/image\/\"}},{\"@type\":\"Person\",\"@id\":\"https:\/\/shop.crenali.de\/blog\/#\/schema\/person\/2f9f3e49b300308c8aaf11894b7484af\",\"name\":\"Dorothea J. Richter\",\"image\":{\"@type\":\"ImageObject\",\"inLanguage\":\"de-DE\",\"@id\":\"https:\/\/shop.crenali.de\/blog\/#\/schema\/person\/image\/\",\"url\":\"https:\/\/secure.gravatar.com\/avatar\/a9859ef6d0982f1955ddcd9d2b0bc32d?s=96&d=mm&r=g\",\"contentUrl\":\"https:\/\/secure.gravatar.com\/avatar\/a9859ef6d0982f1955ddcd9d2b0bc32d?s=96&d=mm&r=g\",\"caption\":\"Dorothea J. Richter\"},\"sameAs\":[\"https:\/\/shop.crenali.de\/blog\",\"https:\/\/www.facebook.com\/crenali\",\"https:\/\/www.instagram.com\/creative.natural.living\"]}]}<\/script>\n<!-- \/ Yoast SEO plugin. -->","yoast_head_json":{"title":"Jahresr\u00fcckblick 2020 rund um pflanzengef\u00e4rbte Wolle - Crenali handmade bloggt","description":"Jahresr\u00fcckblick 2020 - rund um pflanzengef\u00e4rbte Wolle, stricken, eine Prise Pers\u00f6nliches und ganz viele Blicke hinter die Kulissen.","robots":{"index":"index","follow":"follow","max-snippet":"max-snippet:-1","max-image-preview":"max-image-preview:large","max-video-preview":"max-video-preview:-1"},"canonical":"https:\/\/shop.crenali.de\/blog\/jahresruckblick-2020\/","og_locale":"de_DE","og_type":"article","og_title":"Jahresr\u00fcckblick 2020 rund um pflanzengef\u00e4rbte Wolle - Crenali handmade bloggt","og_description":"Jahresr\u00fcckblick 2020 - rund um pflanzengef\u00e4rbte Wolle, stricken, eine Prise Pers\u00f6nliches und ganz viele Blicke hinter die Kulissen.","og_url":"https:\/\/shop.crenali.de\/blog\/jahresruckblick-2020\/","og_site_name":"Crenali handmade bloggt","article_publisher":"https:\/\/www.fb.com\/crenali","article_author":"https:\/\/www.facebook.com\/crenali","article_published_time":"2020-12-31T14:15:16+00:00","article_modified_time":"2023-09-19T09:49:14+00:00","og_image":[{"url":"https:\/\/shop.crenali.de\/blog\/wp-content\/uploads\/2020\/12\/2-6-1024x1024.png"}],"author":"Dorothea J. Richter","twitter_card":"summary_large_image","twitter_misc":{"Verfasst von":"Dorothea J. Richter","Gesch\u00e4tzte Lesezeit":"21 Minuten"},"schema":{"@context":"https:\/\/schema.org","@graph":[{"@type":"Article","@id":"https:\/\/shop.crenali.de\/blog\/jahresruckblick-2020\/#article","isPartOf":{"@id":"https:\/\/shop.crenali.de\/blog\/jahresruckblick-2020\/"},"author":{"name":"Dorothea J. Richter","@id":"https:\/\/shop.crenali.de\/blog\/#\/schema\/person\/2f9f3e49b300308c8aaf11894b7484af"},"headline":"Jahresr\u00fcckblick 2020 rund um pflanzengef\u00e4rbte Wolle","datePublished":"2020-12-31T14:15:16+00:00","dateModified":"2023-09-19T09:49:14+00:00","mainEntityOfPage":{"@id":"https:\/\/shop.crenali.de\/blog\/jahresruckblick-2020\/"},"wordCount":3126,"commentCount":2,"publisher":{"@id":"https:\/\/shop.crenali.de\/blog\/#organization"},"keywords":["Jahresr\u00fcckblick"],"articleSection":{"1":"R\u00fcckblick"},"inLanguage":"de-DE","potentialAction":[{"@type":"CommentAction","name":"Comment","target":["https:\/\/shop.crenali.de\/blog\/jahresruckblick-2020\/#respond"]}]},{"@type":"WebPage","@id":"https:\/\/shop.crenali.de\/blog\/jahresruckblick-2020\/","url":"https:\/\/shop.crenali.de\/blog\/jahresruckblick-2020\/","name":"Jahresr\u00fcckblick 2020 rund um pflanzengef\u00e4rbte Wolle - Crenali handmade bloggt","isPartOf":{"@id":"https:\/\/shop.crenali.de\/blog\/#website"},"datePublished":"2020-12-31T14:15:16+00:00","dateModified":"2023-09-19T09:49:14+00:00","description":"Jahresr\u00fcckblick 2020 - rund um pflanzengef\u00e4rbte Wolle, stricken, eine Prise Pers\u00f6nliches und ganz viele Blicke hinter die Kulissen.","breadcrumb":{"@id":"https:\/\/shop.crenali.de\/blog\/jahresruckblick-2020\/#breadcrumb"},"inLanguage":"de-DE","potentialAction":[{"@type":"ReadAction","target":["https:\/\/shop.crenali.de\/blog\/jahresruckblick-2020\/"]}]},{"@type":"BreadcrumbList","@id":"https:\/\/shop.crenali.de\/blog\/jahresruckblick-2020\/#breadcrumb","itemListElement":[{"@type":"ListItem","position":1,"name":"Startseite","item":"https:\/\/shop.crenali.de\/blog\/"},{"@type":"ListItem","position":2,"name":"Jahresr\u00fcckblick 2020 rund um pflanzengef\u00e4rbte Wolle"}]},{"@type":"WebSite","@id":"https:\/\/shop.crenali.de\/blog\/#website","url":"https:\/\/shop.crenali.de\/blog\/","name":"Crenali handmade bloggt","description":"Jetzt reden wir Klartext!","publisher":{"@id":"https:\/\/shop.crenali.de\/blog\/#organization"},"potentialAction":[{"@type":"SearchAction","target":{"@type":"EntryPoint","urlTemplate":"https:\/\/shop.crenali.de\/blog\/?s={search_term_string}"},"query-input":"required name=search_term_string"}],"inLanguage":"de-DE"},{"@type":"Organization","@id":"https:\/\/shop.crenali.de\/blog\/#organization","name":"Crenali handmade","url":"https:\/\/shop.crenali.de\/blog\/","sameAs":["https:\/\/www.instagram.com\/creative.natural.living","https:\/\/www.linkedin.com\/in\/crenali\/","https:\/\/www.pinterest.de\/Crenali\/","https:\/\/www.fb.com\/crenali"],"logo":{"@type":"ImageObject","inLanguage":"de-DE","@id":"https:\/\/shop.crenali.de\/blog\/#\/schema\/logo\/image\/","url":"https:\/\/shop.crenali.de\/blog\/wp-content\/uploads\/2020\/05\/cropped-Crenali_Logo-01-2.png","contentUrl":"https:\/\/shop.crenali.de\/blog\/wp-content\/uploads\/2020\/05\/cropped-Crenali_Logo-01-2.png","width":250,"height":250,"caption":"Crenali handmade"},"image":{"@id":"https:\/\/shop.crenali.de\/blog\/#\/schema\/logo\/image\/"}},{"@type":"Person","@id":"https:\/\/shop.crenali.de\/blog\/#\/schema\/person\/2f9f3e49b300308c8aaf11894b7484af","name":"Dorothea J. Richter","image":{"@type":"ImageObject","inLanguage":"de-DE","@id":"https:\/\/shop.crenali.de\/blog\/#\/schema\/person\/image\/","url":"https:\/\/secure.gravatar.com\/avatar\/a9859ef6d0982f1955ddcd9d2b0bc32d?s=96&d=mm&r=g","contentUrl":"https:\/\/secure.gravatar.com\/avatar\/a9859ef6d0982f1955ddcd9d2b0bc32d?s=96&d=mm&r=g","caption":"Dorothea J. Richter"},"sameAs":["https:\/\/shop.crenali.de\/blog","https:\/\/www.facebook.com\/crenali","https:\/\/www.instagram.com\/creative.natural.living"]}]}},"_links":{"self":[{"href":"https:\/\/shop.crenali.de\/blog\/wp-json\/wp\/v2\/posts\/156"}],"collection":[{"href":"https:\/\/shop.crenali.de\/blog\/wp-json\/wp\/v2\/posts"}],"about":[{"href":"https:\/\/shop.crenali.de\/blog\/wp-json\/wp\/v2\/types\/post"}],"author":[{"embeddable":true,"href":"https:\/\/shop.crenali.de\/blog\/wp-json\/wp\/v2\/users\/1"}],"replies":[{"embeddable":true,"href":"https:\/\/shop.crenali.de\/blog\/wp-json\/wp\/v2\/comments?post=156"}],"version-history":[{"count":6,"href":"https:\/\/shop.crenali.de\/blog\/wp-json\/wp\/v2\/posts\/156\/revisions"}],"predecessor-version":[{"id":491,"href":"https:\/\/shop.crenali.de\/blog\/wp-json\/wp\/v2\/posts\/156\/revisions\/491"}],"wp:attachment":[{"href":"https:\/\/shop.crenali.de\/blog\/wp-json\/wp\/v2\/media?parent=156"}],"wp:term":[{"taxonomy":"category","embeddable":true,"href":"https:\/\/shop.crenali.de\/blog\/wp-json\/wp\/v2\/categories?post=156"},{"taxonomy":"post_tag","embeddable":true,"href":"https:\/\/shop.crenali.de\/blog\/wp-json\/wp\/v2\/tags?post=156"}],"curies":[{"name":"wp","href":"https:\/\/api.w.org\/{rel}","templated":true}]}}