{"id":158,"date":"2020-12-13T19:03:34","date_gmt":"2020-12-13T18:03:34","guid":{"rendered":"https:\/\/shop.crenali.de\/blog\/?p=158"},"modified":"2021-02-01T18:13:55","modified_gmt":"2021-02-01T17:13:55","slug":"wollfest-rueckblick-no-3-westerwaelder-wollfest-2018","status":"publish","type":"post","link":"https:\/\/shop.crenali.de\/blog\/wollfest-rueckblick-no-3-westerwaelder-wollfest-2018\/","title":{"rendered":"Wollfest R\u00fcckblick No. 3: Westerw\u00e4lder Wollfest 2018"},"content":{"rendered":"\n<p>Im Oktober 2018 durfte ich eine Reise zum Westerw\u00e4lder Wollfest nach Rheinland-Pfalz machen. Der sch\u00f6ne Westerwald war das Ziel.<\/p>\n\n\n\n<p>F\u00fcr knapp 400km hatte ich vier Stunden Fahrt eingeplant, doch daraus wurde nichts. \ud83e\udd74 Nach sage und schreibe 6h kam ich dann endlich an und durfte mich an den Standaufbau machen.<\/p>\n\n\n\n<p>\u00dcbrigens ist diese schlechte Kalkulierbarkeit der Anreise auch der Hauptgrund, weswegen ich grunds\u00e4tzlich nicht erst am ersten Veranstaltungstag anreise und aufbaue. \ud83d\ude05<\/p>\n\n\n\n<figure class=\"wp-block-image size-large\"><img loading=\"lazy\" width=\"1024\" height=\"1024\" src=\"https:\/\/shop.crenali.de\/blog\/wp-content\/uploads\/2020\/12\/1-3-1024x1024.png\" alt=\"Westerw\u00e4lder Wollfest 2018 | R\u00fcckblick\" class=\"wp-image-159\" srcset=\"https:\/\/shop.crenali.de\/blog\/wp-content\/uploads\/2020\/12\/1-3-1024x1024.png 1024w, https:\/\/shop.crenali.de\/blog\/wp-content\/uploads\/2020\/12\/1-3-300x300.png 300w, https:\/\/shop.crenali.de\/blog\/wp-content\/uploads\/2020\/12\/1-3-150x150.png 150w, https:\/\/shop.crenali.de\/blog\/wp-content\/uploads\/2020\/12\/1-3-768x768.png 768w, https:\/\/shop.crenali.de\/blog\/wp-content\/uploads\/2020\/12\/1-3-100x100.png 100w, https:\/\/shop.crenali.de\/blog\/wp-content\/uploads\/2020\/12\/1-3.png 1080w\" sizes=\"(max-width: 767px) 89vw, (max-width: 1000px) 54vw, (max-width: 1071px) 543px, 580px\" \/><figcaption>Westerw\u00e4lder Wollfest 2018 &#8211; Standimpressionen<\/figcaption><\/figure>\n\n\n\n<!--more-->\n\n\n\n<div id=\"ez-toc-container\" class=\"ez-toc-v2_0_34 counter-hierarchy ez-toc-counter ez-toc-light-blue ez-toc-container-direction\">\n<div class=\"ez-toc-title-container\">\n<p class=\"ez-toc-title\">Diese Themen erwarten dich im Blogartikel:<\/p>\n<span class=\"ez-toc-title-toggle\"><\/span><\/div>\n<nav><ul class='ez-toc-list ez-toc-list-level-1'><li class='ez-toc-page-1 ez-toc-heading-level-2'><a class=\"ez-toc-link ez-toc-heading-1\" href=\"https:\/\/shop.crenali.de\/blog\/wollfest-rueckblick-no-3-westerwaelder-wollfest-2018\/#das-westerwaelder-wollfest-hier-trifft-sich-ganz-deutschland-und-noch-viele-mehr\" title=\"Das Westerw\u00e4lder Wollfest &#8211; hier trifft sich ganz Deutschland und noch Viele mehr!\">Das Westerw\u00e4lder Wollfest &#8211; hier trifft sich ganz Deutschland und noch Viele mehr!<\/a><\/li><li class='ez-toc-page-1 ez-toc-heading-level-2'><a class=\"ez-toc-link ez-toc-heading-2\" href=\"https:\/\/shop.crenali.de\/blog\/wollfest-rueckblick-no-3-westerwaelder-wollfest-2018\/#ausstellerleben\" title=\"Ausstellerleben\">Ausstellerleben<\/a><\/li><li class='ez-toc-page-1 ez-toc-heading-level-2'><a class=\"ez-toc-link ez-toc-heading-3\" href=\"https:\/\/shop.crenali.de\/blog\/wollfest-rueckblick-no-3-westerwaelder-wollfest-2018\/#tetris-fuer-fortgeschrittene\" title=\"Tetris f\u00fcr Fortgeschrittene\">Tetris f\u00fcr Fortgeschrittene<\/a><\/li><li class='ez-toc-page-1 ez-toc-heading-level-2'><a class=\"ez-toc-link ez-toc-heading-4\" href=\"https:\/\/shop.crenali.de\/blog\/wollfest-rueckblick-no-3-westerwaelder-wollfest-2018\/#kommen-wir-wieder-nach-westerburg-zum-westerwaelder-wollfest\" title=\"Kommen wir wieder nach Westerburg zum Westerw\u00e4lder Wollfest?\">Kommen wir wieder nach Westerburg zum Westerw\u00e4lder Wollfest?<\/a><\/li><\/ul><\/nav><\/div>\n<h2><span class=\"ez-toc-section\" id=\"das-westerwaelder-wollfest-hier-trifft-sich-ganz-deutschland-und-noch-viele-mehr\"><\/span>Das Westerw\u00e4lder Wollfest &#8211; hier trifft sich ganz Deutschland und noch Viele mehr!<span class=\"ez-toc-section-end\"><\/span><\/h2>\n\n\n\n<p>Wie bei den meisten Wollfesten waren nat\u00fcrlich auch im Westerwald viele bekannte Gesichter zu treffen.<\/p>\n\n\n\n<p>Ramona hat mit viel Feingef\u00fchl eine wunderbar harmonische Gruppe an Ausstellern zusammengestellt, und es war wie immer ein wunderbar heimeliges Gef\u00fchl mit den Kolleg*innen.<\/p>\n\n\n\n<p>Ich wurde am Stand wieder von Sabine Pesl mit ihren Garnschalen unterst\u00fctzt und wir hatten auch einen super Standplatz und nat\u00fcrlich ganz viel Spa\u00df.<\/p>\n\n\n\n<figure class=\"wp-block-image size-large\"><img loading=\"lazy\" width=\"1024\" height=\"1024\" src=\"https:\/\/shop.crenali.de\/blog\/wp-content\/uploads\/2020\/12\/2-3-1024x1024.png\" alt=\"Standaufbau 2018 | Pflanzengef\u00e4rbte Wolle und Spinnfasern\" class=\"wp-image-161\" srcset=\"https:\/\/shop.crenali.de\/blog\/wp-content\/uploads\/2020\/12\/2-3-1024x1024.png 1024w, https:\/\/shop.crenali.de\/blog\/wp-content\/uploads\/2020\/12\/2-3-300x300.png 300w, https:\/\/shop.crenali.de\/blog\/wp-content\/uploads\/2020\/12\/2-3-150x150.png 150w, https:\/\/shop.crenali.de\/blog\/wp-content\/uploads\/2020\/12\/2-3-768x768.png 768w, https:\/\/shop.crenali.de\/blog\/wp-content\/uploads\/2020\/12\/2-3-100x100.png 100w, https:\/\/shop.crenali.de\/blog\/wp-content\/uploads\/2020\/12\/2-3.png 1080w\" sizes=\"(max-width: 767px) 89vw, (max-width: 1000px) 54vw, (max-width: 1071px) 543px, 580px\" \/><figcaption>Unser Stand am Westerw\u00e4lder Wollfest 2018<\/figcaption><\/figure>\n\n\n\n<h2><span class=\"ez-toc-section\" id=\"ausstellerleben\"><\/span>Ausstellerleben<span class=\"ez-toc-section-end\"><\/span><\/h2>\n\n\n\n<p>Eine Sache, die auch immer zu den Marktausfl\u00fcgen geh\u00f6rt, sind nat\u00fcrlich auch die Hotels. Hier kann ich definitiv die Alte Landratsvilla Bender sehr empfehlen. Sowohl die Zimmer als auch das Fr\u00fchst\u00fcck k\u00f6nnen sich sehen lassen. Und das Abendessen&#8230;. genial! (Unbeauftragte und unbezahlte Werbung)<\/p>\n\n\n\n<p>Hierher kommen wir gerne wieder, denn man kann auch fu\u00dfl\u00e4ufig wunderbar zur Stadthalle gelangen, das ist etwas, das ich durchaus mag, um meinen Kopf vor oder nach so einem Veranstaltungstag ein wenig durchzul\u00fcften. \ud83d\ude43<\/p>\n\n\n\n<figure class=\"wp-block-image size-large\"><img loading=\"lazy\" width=\"1024\" height=\"1024\" src=\"https:\/\/shop.crenali.de\/blog\/wp-content\/uploads\/2020\/12\/3-1-1024x1024.png\" alt=\"Messe-Mobil: Ohne Dachbox geht nichts mehr\" class=\"wp-image-162\" srcset=\"https:\/\/shop.crenali.de\/blog\/wp-content\/uploads\/2020\/12\/3-1-1024x1024.png 1024w, https:\/\/shop.crenali.de\/blog\/wp-content\/uploads\/2020\/12\/3-1-300x300.png 300w, https:\/\/shop.crenali.de\/blog\/wp-content\/uploads\/2020\/12\/3-1-150x150.png 150w, https:\/\/shop.crenali.de\/blog\/wp-content\/uploads\/2020\/12\/3-1-768x768.png 768w, https:\/\/shop.crenali.de\/blog\/wp-content\/uploads\/2020\/12\/3-1-100x100.png 100w, https:\/\/shop.crenali.de\/blog\/wp-content\/uploads\/2020\/12\/3-1.png 1080w\" sizes=\"(max-width: 767px) 89vw, (max-width: 1000px) 54vw, (max-width: 1071px) 543px, 580px\" \/><figcaption>Auch Packen geh\u00f6rt dazu<\/figcaption><\/figure>\n\n\n\n<h2><span class=\"ez-toc-section\" id=\"tetris-fuer-fortgeschrittene\"><\/span>Tetris f\u00fcr Fortgeschrittene<span class=\"ez-toc-section-end\"><\/span><\/h2>\n\n\n\n<p>Ich habe ja schonmal erw\u00e4hnt, dass ich weder das Ein- noch das Auspacken sonderlich mag, gleicht es doch jedes Mal einem Tertris-Spiel im absolut schwierigsten Level.<\/p>\n\n\n\n<p>Meine Anreise erfolgt in der Regel mit einem handels\u00fcblichen PKW &#8211; und das war in Westerburg ein ganz normaler Golf Kombi. Da passt echt jede Menge rein. Allerdings w\u00e4re ich ohne Dachbox zumindest auf dem Hinweg ganz sch\u00f6n aufeschmissen gewesen.<\/p>\n\n\n\n<p>Vielen Dank an dieser Stelle an Malte, dass ich die Box ausleihen durfte!<\/p>\n\n\n\n<p>Wenn du die kommenden Beitr\u00e4ge weiter verfolgst, dann wirst du aber vielleicht eine \u00c4nderung feststellen. W\u00e4re ja auch langweilig, wenn immer alles gleich ist, oder? \ud83d\ude09<\/p>\n\n\n\n<figure class=\"wp-block-image size-large\"><img loading=\"lazy\" width=\"1024\" height=\"1024\" src=\"https:\/\/shop.crenali.de\/blog\/wp-content\/uploads\/2020\/12\/4-1-1024x1024.png\" alt=\"Werkstatt Impressionen: Ein- und Auspacken\" class=\"wp-image-163\" srcset=\"https:\/\/shop.crenali.de\/blog\/wp-content\/uploads\/2020\/12\/4-1-1024x1024.png 1024w, https:\/\/shop.crenali.de\/blog\/wp-content\/uploads\/2020\/12\/4-1-300x300.png 300w, https:\/\/shop.crenali.de\/blog\/wp-content\/uploads\/2020\/12\/4-1-150x150.png 150w, https:\/\/shop.crenali.de\/blog\/wp-content\/uploads\/2020\/12\/4-1-768x768.png 768w, https:\/\/shop.crenali.de\/blog\/wp-content\/uploads\/2020\/12\/4-1-100x100.png 100w, https:\/\/shop.crenali.de\/blog\/wp-content\/uploads\/2020\/12\/4-1.png 1080w\" sizes=\"(max-width: 767px) 89vw, (max-width: 1000px) 54vw, (max-width: 1071px) 543px, 580px\" \/><figcaption>Ein- und Auspacken &#8211; das geh\u00f6rt nicht zu meinen Lieblingsdisziplinen<\/figcaption><\/figure>\n\n\n\n<h2><span class=\"ez-toc-section\" id=\"kommen-wir-wieder-nach-westerburg-zum-westerwaelder-wollfest\"><\/span>Kommen wir wieder nach Westerburg zum Westerw\u00e4lder Wollfest?<span class=\"ez-toc-section-end\"><\/span><\/h2>\n\n\n\n<p>Was f\u00fcr eine Frage! Das Pf\u00e4lzische Westerburg hat es uns rundum angetan, also kommen wir sehr gerne wieder. Mit Steffi\u00b4s Wolle und LismiKnits waren die Standnachbarn auch wirklich super und wir hatten jede Menge Spa\u00df!<\/p>\n\n\n\n<p>Au\u00dferdem bin ich (privat) mit einigen Sch\u00e4tzchen mehr nach Hause gefahren. Unter anderem ein Ashford Webrahmen&#8230; Mal sehen, was daraus noch so gezaubert wird!<\/p>\n\n\n\n<p>Und wie nach jedem Wollfest hei\u00dft es: Regale f\u00fcllen!<\/p>\n\n\n\n<p>Ich freue mich schon jetzt auf die n\u00e4chste Reise &#8211; n\u00e4chste Woche schauen wir \u00fcbrigens noch weiter in die Vergangenheit. Ich habe n\u00e4mlich Karlsruhe unterschlagen. Das hole ich nat\u00fcrlich umgehend nach! \ud83d\ude09<\/p>\n\n\n\n<p>Bis zum n\u00e4chsten Mal,<\/p>\n\n\n\n<p>deine Dorothea \ud83c\udf3b<\/p>\n\n\n\n<figure class=\"wp-block-image size-large\"><img loading=\"lazy\" width=\"1024\" height=\"1024\" src=\"https:\/\/shop.crenali.de\/blog\/wp-content\/uploads\/2020\/12\/5-1-1024x1024.png\" alt=\"Leere Regale - ein Traum nach dem Wollfest\" class=\"wp-image-164\" srcset=\"https:\/\/shop.crenali.de\/blog\/wp-content\/uploads\/2020\/12\/5-1-1024x1024.png 1024w, https:\/\/shop.crenali.de\/blog\/wp-content\/uploads\/2020\/12\/5-1-300x300.png 300w, https:\/\/shop.crenali.de\/blog\/wp-content\/uploads\/2020\/12\/5-1-150x150.png 150w, https:\/\/shop.crenali.de\/blog\/wp-content\/uploads\/2020\/12\/5-1-768x768.png 768w, https:\/\/shop.crenali.de\/blog\/wp-content\/uploads\/2020\/12\/5-1-100x100.png 100w, https:\/\/shop.crenali.de\/blog\/wp-content\/uploads\/2020\/12\/5-1.png 1080w\" sizes=\"(max-width: 767px) 89vw, (max-width: 1000px) 54vw, (max-width: 1071px) 543px, 580px\" \/><figcaption>Leere Regale? Nach einem Wollfest durchaus ein erfreulicher Anblick \ud83d\ude43<\/figcaption><\/figure>\n\n\n\n<p>Wenn du Lust hast, dir die anderen Reisen anzusehen, dann findest du sie hier:<\/p>\n\n\n\n<div class=\"wp-container-1 wp-block-buttons aligncenter\">\n<div class=\"wp-block-button\"><a class=\"wp-block-button__link\" href=\"https:\/\/shop.crenali.de\/blog\/category\/wollfeste\/\" target=\"_blank\" rel=\"noreferrer noopener\">Wollfest-R\u00fcckblicke: \u00dcbersicht<\/a><\/div>\n<\/div>\n\n\n\n<p><\/p>\n","protected":false},"excerpt":{"rendered":"<p>Im Oktober 2018 durfte ich eine Reise zum Westerw\u00e4lder Wollfest nach Rheinland-Pfalz machen. Der sch\u00f6ne Westerwald war das Ziel. F\u00fcr knapp 400km hatte ich vier Stunden Fahrt eingeplant, doch daraus wurde nichts. \ud83e\udd74 Nach sage und schreibe 6h kam ich dann endlich an und durfte mich an den Standaufbau machen. \u00dcbrigens ist diese schlechte Kalkulierbarkeit &hellip; <\/p>\n<p class=\"link-more\"><a href=\"https:\/\/shop.crenali.de\/blog\/wollfest-rueckblick-no-3-westerwaelder-wollfest-2018\/\" class=\"more-link\"><span class=\"screen-reader-text\">\u201eWollfest R\u00fcckblick No. 3: Westerw\u00e4lder Wollfest 2018\u201c<\/span> weiterlesen<\/a><\/p>\n","protected":false},"author":1,"featured_media":0,"comment_status":"open","ping_status":"open","sticky":false,"template":"","format":"standard","meta":[],"categories":[110],"tags":[79,80,91,69,72],"yoast_head":"<!-- This site is optimized with the Yoast SEO plugin v19.8 - https:\/\/yoast.com\/wordpress\/plugins\/seo\/ -->\n<title>Wollfest R\u00fcckblick No. 3: Westerw\u00e4lder Wollfest 2018 - Crenali handmade bloggt<\/title>\n<meta name=\"description\" content=\"R\u00fcckblick aufs Westerw\u00e4lder Wollfest 2018 | Bericht und Bilder | Ausstellerleben | Komm mit auf meine Reise nach Rheinland-Pfalz\" \/>\n<meta name=\"robots\" content=\"index, follow, max-snippet:-1, max-image-preview:large, max-video-preview:-1\" \/>\n<link rel=\"canonical\" href=\"https:\/\/shop.crenali.de\/blog\/wollfest-rueckblick-no-3-westerwaelder-wollfest-2018\/\" \/>\n<meta property=\"og:locale\" content=\"de_DE\" \/>\n<meta property=\"og:type\" content=\"article\" \/>\n<meta property=\"og:title\" content=\"Wollfest R\u00fcckblick No. 3: Westerw\u00e4lder Wollfest 2018 - Crenali handmade bloggt\" \/>\n<meta property=\"og:description\" content=\"R\u00fcckblick aufs Westerw\u00e4lder Wollfest 2018 | Bericht und Bilder | Ausstellerleben | Komm mit auf meine Reise nach Rheinland-Pfalz\" \/>\n<meta property=\"og:url\" content=\"https:\/\/shop.crenali.de\/blog\/wollfest-rueckblick-no-3-westerwaelder-wollfest-2018\/\" \/>\n<meta property=\"og:site_name\" content=\"Crenali handmade bloggt\" \/>\n<meta property=\"article:publisher\" content=\"https:\/\/www.fb.com\/crenali\" \/>\n<meta property=\"article:author\" content=\"https:\/\/www.facebook.com\/crenali\" \/>\n<meta property=\"article:published_time\" content=\"2020-12-13T18:03:34+00:00\" \/>\n<meta property=\"article:modified_time\" content=\"2021-02-01T17:13:55+00:00\" \/>\n<meta property=\"og:image\" content=\"https:\/\/shop.crenali.de\/blog\/wp-content\/uploads\/2020\/12\/1-3-1024x1024.png\" \/>\n<meta name=\"author\" content=\"Dorothea J. Richter\" \/>\n<meta name=\"twitter:card\" content=\"summary_large_image\" \/>\n<meta name=\"twitter:label1\" content=\"Verfasst von\" \/>\n\t<meta name=\"twitter:data1\" content=\"Dorothea J. Richter\" \/>\n\t<meta name=\"twitter:label2\" content=\"Gesch\u00e4tzte Lesezeit\" \/>\n\t<meta name=\"twitter:data2\" content=\"4 Minuten\" \/>\n<script type=\"application\/ld+json\" class=\"yoast-schema-graph\">{\"@context\":\"https:\/\/schema.org\",\"@graph\":[{\"@type\":\"Article\",\"@id\":\"https:\/\/shop.crenali.de\/blog\/wollfest-rueckblick-no-3-westerwaelder-wollfest-2018\/#article\",\"isPartOf\":{\"@id\":\"https:\/\/shop.crenali.de\/blog\/wollfest-rueckblick-no-3-westerwaelder-wollfest-2018\/\"},\"author\":{\"name\":\"Dorothea J. Richter\",\"@id\":\"https:\/\/shop.crenali.de\/blog\/#\/schema\/person\/2f9f3e49b300308c8aaf11894b7484af\"},\"headline\":\"Wollfest R\u00fcckblick No. 3: Westerw\u00e4lder Wollfest 2018\",\"datePublished\":\"2020-12-13T18:03:34+00:00\",\"dateModified\":\"2021-02-01T17:13:55+00:00\",\"mainEntityOfPage\":{\"@id\":\"https:\/\/shop.crenali.de\/blog\/wollfest-rueckblick-no-3-westerwaelder-wollfest-2018\/\"},\"wordCount\":542,\"commentCount\":0,\"publisher\":{\"@id\":\"https:\/\/shop.crenali.de\/blog\/#organization\"},\"keywords\":[\"Marktbericht\",\"R\u00fcckblick\",\"Westerw\u00e4lder Wollfest\",\"Wollfest\",\"Wollparty\"],\"articleSection\":[\"WollFeste\"],\"inLanguage\":\"de-DE\",\"potentialAction\":[{\"@type\":\"CommentAction\",\"name\":\"Comment\",\"target\":[\"https:\/\/shop.crenali.de\/blog\/wollfest-rueckblick-no-3-westerwaelder-wollfest-2018\/#respond\"]}]},{\"@type\":\"WebPage\",\"@id\":\"https:\/\/shop.crenali.de\/blog\/wollfest-rueckblick-no-3-westerwaelder-wollfest-2018\/\",\"url\":\"https:\/\/shop.crenali.de\/blog\/wollfest-rueckblick-no-3-westerwaelder-wollfest-2018\/\",\"name\":\"Wollfest R\u00fcckblick No. 3: Westerw\u00e4lder Wollfest 2018 - Crenali handmade bloggt\",\"isPartOf\":{\"@id\":\"https:\/\/shop.crenali.de\/blog\/#website\"},\"datePublished\":\"2020-12-13T18:03:34+00:00\",\"dateModified\":\"2021-02-01T17:13:55+00:00\",\"description\":\"R\u00fcckblick aufs Westerw\u00e4lder Wollfest 2018 | Bericht und Bilder | Ausstellerleben | Komm mit auf meine Reise nach Rheinland-Pfalz\",\"breadcrumb\":{\"@id\":\"https:\/\/shop.crenali.de\/blog\/wollfest-rueckblick-no-3-westerwaelder-wollfest-2018\/#breadcrumb\"},\"inLanguage\":\"de-DE\",\"potentialAction\":[{\"@type\":\"ReadAction\",\"target\":[\"https:\/\/shop.crenali.de\/blog\/wollfest-rueckblick-no-3-westerwaelder-wollfest-2018\/\"]}]},{\"@type\":\"BreadcrumbList\",\"@id\":\"https:\/\/shop.crenali.de\/blog\/wollfest-rueckblick-no-3-westerwaelder-wollfest-2018\/#breadcrumb\",\"itemListElement\":[{\"@type\":\"ListItem\",\"position\":1,\"name\":\"Startseite\",\"item\":\"https:\/\/shop.crenali.de\/blog\/\"},{\"@type\":\"ListItem\",\"position\":2,\"name\":\"Wollfest R\u00fcckblick No. 3: Westerw\u00e4lder Wollfest 2018\"}]},{\"@type\":\"WebSite\",\"@id\":\"https:\/\/shop.crenali.de\/blog\/#website\",\"url\":\"https:\/\/shop.crenali.de\/blog\/\",\"name\":\"Crenali handmade bloggt\",\"description\":\"Jetzt reden wir Klartext!\",\"publisher\":{\"@id\":\"https:\/\/shop.crenali.de\/blog\/#organization\"},\"potentialAction\":[{\"@type\":\"SearchAction\",\"target\":{\"@type\":\"EntryPoint\",\"urlTemplate\":\"https:\/\/shop.crenali.de\/blog\/?s={search_term_string}\"},\"query-input\":\"required name=search_term_string\"}],\"inLanguage\":\"de-DE\"},{\"@type\":\"Organization\",\"@id\":\"https:\/\/shop.crenali.de\/blog\/#organization\",\"name\":\"Crenali handmade\",\"url\":\"https:\/\/shop.crenali.de\/blog\/\",\"sameAs\":[\"https:\/\/www.instagram.com\/creative.natural.living\",\"https:\/\/www.linkedin.com\/in\/crenali\/\",\"https:\/\/www.pinterest.de\/Crenali\/\",\"https:\/\/www.fb.com\/crenali\"],\"logo\":{\"@type\":\"ImageObject\",\"inLanguage\":\"de-DE\",\"@id\":\"https:\/\/shop.crenali.de\/blog\/#\/schema\/logo\/image\/\",\"url\":\"https:\/\/shop.crenali.de\/blog\/wp-content\/uploads\/2020\/05\/cropped-Crenali_Logo-01-2.png\",\"contentUrl\":\"https:\/\/shop.crenali.de\/blog\/wp-content\/uploads\/2020\/05\/cropped-Crenali_Logo-01-2.png\",\"width\":250,\"height\":250,\"caption\":\"Crenali handmade\"},\"image\":{\"@id\":\"https:\/\/shop.crenali.de\/blog\/#\/schema\/logo\/image\/\"}},{\"@type\":\"Person\",\"@id\":\"https:\/\/shop.crenali.de\/blog\/#\/schema\/person\/2f9f3e49b300308c8aaf11894b7484af\",\"name\":\"Dorothea J. Richter\",\"image\":{\"@type\":\"ImageObject\",\"inLanguage\":\"de-DE\",\"@id\":\"https:\/\/shop.crenali.de\/blog\/#\/schema\/person\/image\/\",\"url\":\"https:\/\/secure.gravatar.com\/avatar\/a9859ef6d0982f1955ddcd9d2b0bc32d?s=96&d=mm&r=g\",\"contentUrl\":\"https:\/\/secure.gravatar.com\/avatar\/a9859ef6d0982f1955ddcd9d2b0bc32d?s=96&d=mm&r=g\",\"caption\":\"Dorothea J. Richter\"},\"sameAs\":[\"https:\/\/shop.crenali.de\/blog\",\"https:\/\/www.facebook.com\/crenali\",\"https:\/\/www.instagram.com\/creative.natural.living\"]}]}<\/script>\n<!-- \/ Yoast SEO plugin. -->","yoast_head_json":{"title":"Wollfest R\u00fcckblick No. 3: Westerw\u00e4lder Wollfest 2018 - Crenali handmade bloggt","description":"R\u00fcckblick aufs Westerw\u00e4lder Wollfest 2018 | Bericht und Bilder | Ausstellerleben | Komm mit auf meine Reise nach Rheinland-Pfalz","robots":{"index":"index","follow":"follow","max-snippet":"max-snippet:-1","max-image-preview":"max-image-preview:large","max-video-preview":"max-video-preview:-1"},"canonical":"https:\/\/shop.crenali.de\/blog\/wollfest-rueckblick-no-3-westerwaelder-wollfest-2018\/","og_locale":"de_DE","og_type":"article","og_title":"Wollfest R\u00fcckblick No. 3: Westerw\u00e4lder Wollfest 2018 - Crenali handmade bloggt","og_description":"R\u00fcckblick aufs Westerw\u00e4lder Wollfest 2018 | Bericht und Bilder | Ausstellerleben | Komm mit auf meine Reise nach Rheinland-Pfalz","og_url":"https:\/\/shop.crenali.de\/blog\/wollfest-rueckblick-no-3-westerwaelder-wollfest-2018\/","og_site_name":"Crenali handmade bloggt","article_publisher":"https:\/\/www.fb.com\/crenali","article_author":"https:\/\/www.facebook.com\/crenali","article_published_time":"2020-12-13T18:03:34+00:00","article_modified_time":"2021-02-01T17:13:55+00:00","og_image":[{"url":"https:\/\/shop.crenali.de\/blog\/wp-content\/uploads\/2020\/12\/1-3-1024x1024.png"}],"author":"Dorothea J. Richter","twitter_card":"summary_large_image","twitter_misc":{"Verfasst von":"Dorothea J. Richter","Gesch\u00e4tzte Lesezeit":"4 Minuten"},"schema":{"@context":"https:\/\/schema.org","@graph":[{"@type":"Article","@id":"https:\/\/shop.crenali.de\/blog\/wollfest-rueckblick-no-3-westerwaelder-wollfest-2018\/#article","isPartOf":{"@id":"https:\/\/shop.crenali.de\/blog\/wollfest-rueckblick-no-3-westerwaelder-wollfest-2018\/"},"author":{"name":"Dorothea J. Richter","@id":"https:\/\/shop.crenali.de\/blog\/#\/schema\/person\/2f9f3e49b300308c8aaf11894b7484af"},"headline":"Wollfest R\u00fcckblick No. 3: Westerw\u00e4lder Wollfest 2018","datePublished":"2020-12-13T18:03:34+00:00","dateModified":"2021-02-01T17:13:55+00:00","mainEntityOfPage":{"@id":"https:\/\/shop.crenali.de\/blog\/wollfest-rueckblick-no-3-westerwaelder-wollfest-2018\/"},"wordCount":542,"commentCount":0,"publisher":{"@id":"https:\/\/shop.crenali.de\/blog\/#organization"},"keywords":["Marktbericht","R\u00fcckblick","Westerw\u00e4lder Wollfest","Wollfest","Wollparty"],"articleSection":["WollFeste"],"inLanguage":"de-DE","potentialAction":[{"@type":"CommentAction","name":"Comment","target":["https:\/\/shop.crenali.de\/blog\/wollfest-rueckblick-no-3-westerwaelder-wollfest-2018\/#respond"]}]},{"@type":"WebPage","@id":"https:\/\/shop.crenali.de\/blog\/wollfest-rueckblick-no-3-westerwaelder-wollfest-2018\/","url":"https:\/\/shop.crenali.de\/blog\/wollfest-rueckblick-no-3-westerwaelder-wollfest-2018\/","name":"Wollfest R\u00fcckblick No. 3: Westerw\u00e4lder Wollfest 2018 - Crenali handmade bloggt","isPartOf":{"@id":"https:\/\/shop.crenali.de\/blog\/#website"},"datePublished":"2020-12-13T18:03:34+00:00","dateModified":"2021-02-01T17:13:55+00:00","description":"R\u00fcckblick aufs Westerw\u00e4lder Wollfest 2018 | Bericht und Bilder | Ausstellerleben | Komm mit auf meine Reise nach Rheinland-Pfalz","breadcrumb":{"@id":"https:\/\/shop.crenali.de\/blog\/wollfest-rueckblick-no-3-westerwaelder-wollfest-2018\/#breadcrumb"},"inLanguage":"de-DE","potentialAction":[{"@type":"ReadAction","target":["https:\/\/shop.crenali.de\/blog\/wollfest-rueckblick-no-3-westerwaelder-wollfest-2018\/"]}]},{"@type":"BreadcrumbList","@id":"https:\/\/shop.crenali.de\/blog\/wollfest-rueckblick-no-3-westerwaelder-wollfest-2018\/#breadcrumb","itemListElement":[{"@type":"ListItem","position":1,"name":"Startseite","item":"https:\/\/shop.crenali.de\/blog\/"},{"@type":"ListItem","position":2,"name":"Wollfest R\u00fcckblick No. 3: Westerw\u00e4lder Wollfest 2018"}]},{"@type":"WebSite","@id":"https:\/\/shop.crenali.de\/blog\/#website","url":"https:\/\/shop.crenali.de\/blog\/","name":"Crenali handmade bloggt","description":"Jetzt reden wir Klartext!","publisher":{"@id":"https:\/\/shop.crenali.de\/blog\/#organization"},"potentialAction":[{"@type":"SearchAction","target":{"@type":"EntryPoint","urlTemplate":"https:\/\/shop.crenali.de\/blog\/?s={search_term_string}"},"query-input":"required name=search_term_string"}],"inLanguage":"de-DE"},{"@type":"Organization","@id":"https:\/\/shop.crenali.de\/blog\/#organization","name":"Crenali handmade","url":"https:\/\/shop.crenali.de\/blog\/","sameAs":["https:\/\/www.instagram.com\/creative.natural.living","https:\/\/www.linkedin.com\/in\/crenali\/","https:\/\/www.pinterest.de\/Crenali\/","https:\/\/www.fb.com\/crenali"],"logo":{"@type":"ImageObject","inLanguage":"de-DE","@id":"https:\/\/shop.crenali.de\/blog\/#\/schema\/logo\/image\/","url":"https:\/\/shop.crenali.de\/blog\/wp-content\/uploads\/2020\/05\/cropped-Crenali_Logo-01-2.png","contentUrl":"https:\/\/shop.crenali.de\/blog\/wp-content\/uploads\/2020\/05\/cropped-Crenali_Logo-01-2.png","width":250,"height":250,"caption":"Crenali handmade"},"image":{"@id":"https:\/\/shop.crenali.de\/blog\/#\/schema\/logo\/image\/"}},{"@type":"Person","@id":"https:\/\/shop.crenali.de\/blog\/#\/schema\/person\/2f9f3e49b300308c8aaf11894b7484af","name":"Dorothea J. Richter","image":{"@type":"ImageObject","inLanguage":"de-DE","@id":"https:\/\/shop.crenali.de\/blog\/#\/schema\/person\/image\/","url":"https:\/\/secure.gravatar.com\/avatar\/a9859ef6d0982f1955ddcd9d2b0bc32d?s=96&d=mm&r=g","contentUrl":"https:\/\/secure.gravatar.com\/avatar\/a9859ef6d0982f1955ddcd9d2b0bc32d?s=96&d=mm&r=g","caption":"Dorothea J. Richter"},"sameAs":["https:\/\/shop.crenali.de\/blog","https:\/\/www.facebook.com\/crenali","https:\/\/www.instagram.com\/creative.natural.living"]}]}},"_links":{"self":[{"href":"https:\/\/shop.crenali.de\/blog\/wp-json\/wp\/v2\/posts\/158"}],"collection":[{"href":"https:\/\/shop.crenali.de\/blog\/wp-json\/wp\/v2\/posts"}],"about":[{"href":"https:\/\/shop.crenali.de\/blog\/wp-json\/wp\/v2\/types\/post"}],"author":[{"embeddable":true,"href":"https:\/\/shop.crenali.de\/blog\/wp-json\/wp\/v2\/users\/1"}],"replies":[{"embeddable":true,"href":"https:\/\/shop.crenali.de\/blog\/wp-json\/wp\/v2\/comments?post=158"}],"version-history":[{"count":2,"href":"https:\/\/shop.crenali.de\/blog\/wp-json\/wp\/v2\/posts\/158\/revisions"}],"predecessor-version":[{"id":355,"href":"https:\/\/shop.crenali.de\/blog\/wp-json\/wp\/v2\/posts\/158\/revisions\/355"}],"wp:attachment":[{"href":"https:\/\/shop.crenali.de\/blog\/wp-json\/wp\/v2\/media?parent=158"}],"wp:term":[{"taxonomy":"category","embeddable":true,"href":"https:\/\/shop.crenali.de\/blog\/wp-json\/wp\/v2\/categories?post=158"},{"taxonomy":"post_tag","embeddable":true,"href":"https:\/\/shop.crenali.de\/blog\/wp-json\/wp\/v2\/tags?post=158"}],"curies":[{"name":"wp","href":"https:\/\/api.w.org\/{rel}","templated":true}]}}