{"id":182,"date":"2020-12-27T21:11:18","date_gmt":"2020-12-27T20:11:18","guid":{"rendered":"https:\/\/shop.crenali.de\/blog\/?p=182"},"modified":"2021-02-01T18:11:07","modified_gmt":"2021-02-01T17:11:07","slug":"wollfest-rueckblick-no-4-wolllandia-kieselbronn-2019","status":"publish","type":"post","link":"https:\/\/shop.crenali.de\/blog\/wollfest-rueckblick-no-4-wolllandia-kieselbronn-2019\/","title":{"rendered":"Wollfest R\u00fcckblick No. 4: WollLandia Kieselbronn 2019"},"content":{"rendered":"\n<p>Kurz vorm Jahreswechsel 2020\/2021 ist auch ein Jahressprung beim Wollfest-R\u00fcckblick zu verzeichnen. Nun geht es also von 2018 ins Jahr 2019. (Hinken wir da den Jahren etwa hinterher?) \ud83d\ude09<\/p>\n\n\n\n<p>Die Kreativm\u00e4rkte und -messen habe ich unterschlagen (so also auch den angek\u00fcndigten Ausflug nach Karlsruhe zur Nadelwelt), da ich denke, dass die Wollfeste einfach mehr Flair haben und uns allen mehr am Herzen liegen.<\/p>\n\n\n\n<p>Sollte doch Interesse bestehen, dann sage mir gerne in den Kommentaren Bescheid, dann nehme ich diese k\u00fcnftig mit auf. \ud83e\udd17<\/p>\n\n\n\n<p>Das erste Wollfest in 2019 war WollLandia &#8211; wieder ein badisches Heimspiel f\u00fcr mich und nach dem gigantischen Event in 2018 war die (Vor-) Freude nat\u00fcrlich ungemein gro\u00df. <\/p>\n\n\n\n<figure class=\"wp-block-image size-large\"><img loading=\"lazy\" width=\"1024\" height=\"1024\" src=\"https:\/\/shop.crenali.de\/blog\/wp-content\/uploads\/2020\/12\/2-5-1024x1024.png\" alt=\"WollLandia 2019 | Ein Wollfest der Superlative\" class=\"wp-image-183\" srcset=\"https:\/\/shop.crenali.de\/blog\/wp-content\/uploads\/2020\/12\/2-5-1024x1024.png 1024w, https:\/\/shop.crenali.de\/blog\/wp-content\/uploads\/2020\/12\/2-5-300x300.png 300w, https:\/\/shop.crenali.de\/blog\/wp-content\/uploads\/2020\/12\/2-5-150x150.png 150w, https:\/\/shop.crenali.de\/blog\/wp-content\/uploads\/2020\/12\/2-5-768x768.png 768w, https:\/\/shop.crenali.de\/blog\/wp-content\/uploads\/2020\/12\/2-5-100x100.png 100w, https:\/\/shop.crenali.de\/blog\/wp-content\/uploads\/2020\/12\/2-5.png 1080w\" sizes=\"(max-width: 767px) 89vw, (max-width: 1000px) 54vw, (max-width: 1071px) 543px, 580px\" \/><figcaption>Das badische Woll-Mekka ludt auch 2019 wieder zum gro\u00dfen Event ein<\/figcaption><\/figure>\n\n\n\n<!--more-->\n\n\n\n<div id=\"ez-toc-container\" class=\"ez-toc-v2_0_34 counter-hierarchy ez-toc-counter ez-toc-light-blue ez-toc-container-direction\">\n<div class=\"ez-toc-title-container\">\n<p class=\"ez-toc-title\">Diese Themen erwarten dich im Blogartikel:<\/p>\n<span class=\"ez-toc-title-toggle\"><\/span><\/div>\n<nav><ul class='ez-toc-list ez-toc-list-level-1'><li class='ez-toc-page-1 ez-toc-heading-level-2'><a class=\"ez-toc-link ez-toc-heading-1\" href=\"https:\/\/shop.crenali.de\/blog\/wollfest-rueckblick-no-4-wolllandia-kieselbronn-2019\/#wolllandia-unter-woll-liebhabern-durchaus-ein-begriff\" title=\"WollLandia &#8211; unter Woll-Liebhabern durchaus ein Begriff\">WollLandia &#8211; unter Woll-Liebhabern durchaus ein Begriff<\/a><\/li><li class='ez-toc-page-1 ez-toc-heading-level-2'><a class=\"ez-toc-link ez-toc-heading-2\" href=\"https:\/\/shop.crenali.de\/blog\/wollfest-rueckblick-no-4-wolllandia-kieselbronn-2019\/#wollfest-rueckblick-was-gab-es-neues-in-2019\" title=\"Wollfest R\u00fcckblick: Was gab es Neues in 2019?\">Wollfest R\u00fcckblick: Was gab es Neues in 2019?<\/a><\/li><li class='ez-toc-page-1 ez-toc-heading-level-2'><a class=\"ez-toc-link ez-toc-heading-3\" href=\"https:\/\/shop.crenali.de\/blog\/wollfest-rueckblick-no-4-wolllandia-kieselbronn-2019\/#organisation-und-logistik-rund-um-wollfeste\" title=\"Organisation und Logistik rund um Wollfeste\">Organisation und Logistik rund um Wollfeste<\/a><\/li><li class='ez-toc-page-1 ez-toc-heading-level-2'><a class=\"ez-toc-link ez-toc-heading-4\" href=\"https:\/\/shop.crenali.de\/blog\/wollfest-rueckblick-no-4-wolllandia-kieselbronn-2019\/#huerden-vor-und-waehrend-messetaetigkeiten\" title=\"H\u00fcrden vor und w\u00e4hrend Messet\u00e4tigkeiten\">H\u00fcrden vor und w\u00e4hrend Messet\u00e4tigkeiten<\/a><\/li><\/ul><\/nav><\/div>\n<h2><span class=\"ez-toc-section\" id=\"wolllandia-unter-woll-liebhabern-durchaus-ein-begriff\"><\/span>WollLandia &#8211; unter Woll-Liebhabern durchaus ein Begriff<span class=\"ez-toc-section-end\"><\/span><\/h2>\n\n\n\n<p>Wer Wollfeste kennt, der kennt sicherlich auch WollLandia. Was Eri in 2018 ins Leben gerufen hat, das schrie schon nach Nummer 1 nach einer grandiosen Wiederholung.<\/p>\n\n\n\n<p>Und jeder war sich sicher: An diesen Erfolg konnte nur angekn\u00fcpft werden!<\/p>\n\n\n\n<p>Gemeinsam mit dem Radsport Club wurde die Stadthalle in Kieselbronn wieder in Wolle gekleidet und von vielen Menschen geflutet.<\/p>\n\n\n\n<p>Was die Aussteller-Auswahl anging, traf man die selben Gesichter wie im Jahr zuvor &#8211; quasi Klassentreffen pur. \u2764\ufe0f<\/p>\n\n\n\n<figure class=\"wp-block-image size-large\"><img loading=\"lazy\" width=\"1024\" height=\"1024\" src=\"https:\/\/shop.crenali.de\/blog\/wp-content\/uploads\/2020\/12\/3-3-1024x1024.png\" alt=\"Standaufbau 2019: Alles neu\" class=\"wp-image-184\" srcset=\"https:\/\/shop.crenali.de\/blog\/wp-content\/uploads\/2020\/12\/3-3-1024x1024.png 1024w, https:\/\/shop.crenali.de\/blog\/wp-content\/uploads\/2020\/12\/3-3-300x300.png 300w, https:\/\/shop.crenali.de\/blog\/wp-content\/uploads\/2020\/12\/3-3-150x150.png 150w, https:\/\/shop.crenali.de\/blog\/wp-content\/uploads\/2020\/12\/3-3-768x768.png 768w, https:\/\/shop.crenali.de\/blog\/wp-content\/uploads\/2020\/12\/3-3-100x100.png 100w, https:\/\/shop.crenali.de\/blog\/wp-content\/uploads\/2020\/12\/3-3.png 1080w\" sizes=\"(max-width: 767px) 89vw, (max-width: 1000px) 54vw, (max-width: 1071px) 543px, 580px\" \/><figcaption>Bekanntes Wollfest &#8211; neuer Stand-Aufbau<\/figcaption><\/figure>\n\n\n\n<h2><span class=\"ez-toc-section\" id=\"wollfest-rueckblick-was-gab-es-neues-in-2019\"><\/span>Wollfest R\u00fcckblick: Was gab es Neues in 2019?<span class=\"ez-toc-section-end\"><\/span><\/h2>\n\n\n\n<p>Man k\u00f6nnte meinen, jedes Wollfest ist gleich. Aber dem ist nicht so. Jedes einzelne Fest hat eine ganz eigene und besondere Magie. \u2728<\/p>\n\n\n\n<p>Alte Gesichter, neue Gesichter, neue Warenangebote und vieles mehr bereichern den Alltag als Aussteller.<\/p>\n\n\n\n<p>Bei uns gab es eine andere Besonderheit: Der alte Standaufbau in Thekenform wurde durch ein offenes Standkonzept ersetzt.<\/p>\n\n\n\n<p>Mehr Schlepperei, daf\u00fcr ein (f\u00fcr meinen Geschmack) ansprechenderes Stand-Bild. Und die Wolle h\u00e4ngt tats\u00e4chlich auch lieber, als in Regalf\u00e4chern zu liegen. Das ist sicher auch f\u00fcr Kund*innen ein Pluspunkt. \ud83e\udd17<\/p>\n\n\n\n<p>Neu war au\u00dferdem, dass ich in diesem Jahr auch mal selbst geschafft habe etwas zu essen. Und das muss ich loswerden: Dieser Flammkuchen ist ultragalaktisch gut. Den MUSS man einfach probiert haben. Oder auch mehrfach. Und jedes Mal war er super. \ud83d\ude43<\/p>\n\n\n\n<figure class=\"wp-block-image size-large\"><img loading=\"lazy\" width=\"1024\" height=\"1024\" src=\"https:\/\/shop.crenali.de\/blog\/wp-content\/uploads\/2020\/12\/4-3-1024x1024.png\" alt=\"Auto laden ist Tetris f\u00fcr Fortgeschrittene\" class=\"wp-image-185\" srcset=\"https:\/\/shop.crenali.de\/blog\/wp-content\/uploads\/2020\/12\/4-3-1024x1024.png 1024w, https:\/\/shop.crenali.de\/blog\/wp-content\/uploads\/2020\/12\/4-3-300x300.png 300w, https:\/\/shop.crenali.de\/blog\/wp-content\/uploads\/2020\/12\/4-3-150x150.png 150w, https:\/\/shop.crenali.de\/blog\/wp-content\/uploads\/2020\/12\/4-3-768x768.png 768w, https:\/\/shop.crenali.de\/blog\/wp-content\/uploads\/2020\/12\/4-3-100x100.png 100w, https:\/\/shop.crenali.de\/blog\/wp-content\/uploads\/2020\/12\/4-3.png 1080w\" sizes=\"(max-width: 767px) 89vw, (max-width: 1000px) 54vw, (max-width: 1071px) 543px, 580px\" \/><figcaption>Tetris f\u00fcr Fortgeschrittene<\/figcaption><\/figure>\n\n\n\n<h2><span class=\"ez-toc-section\" id=\"organisation-und-logistik-rund-um-wollfeste\"><\/span>Organisation und Logistik rund um Wollfeste<span class=\"ez-toc-section-end\"><\/span><\/h2>\n\n\n\n<p>Durch das Ausstellerleben lernt man einige Gegenden kennen, in die man wohl sonst vermutlich nie gekommen w\u00e4re. Autobahnen, Rastst\u00e4tten, Hotels, D\u00f6rfer, St\u00e4dte und Menschen &#8211; all das ist etwas, was ich super spannend finde (Na gut, die Autobahnen und Rastst\u00e4tten sind jetzt der weniger spannende Part).<\/p>\n\n\n\n<p>Spannend ist auch jedes Mal aufs Neue, ob die Waren und das Standsystem ins Auto passen. Die Erweiterung durch die Dachbox im Jahr zuvor war bitter n\u00f6tig und dennoch bibberte ich auch in 2019, ob ich hoffentlich alles ins Auto bekommen w\u00fcrde.<\/p>\n\n\n\n<p>Da hat man einen LKW F\u00fchrerschein in der Tasche und stopft einen PKW voll &#8211; suche den Fehler. \ud83e\udd23<\/p>\n\n\n\n<figure class=\"wp-block-image size-large\"><img loading=\"lazy\" width=\"1024\" height=\"1024\" src=\"https:\/\/shop.crenali.de\/blog\/wp-content\/uploads\/2020\/12\/5-3-1024x1024.png\" alt=\"Carina: Meine Retterin in der Not bei Wollfest Vorbereitungen\" class=\"wp-image-186\" srcset=\"https:\/\/shop.crenali.de\/blog\/wp-content\/uploads\/2020\/12\/5-3-1024x1024.png 1024w, https:\/\/shop.crenali.de\/blog\/wp-content\/uploads\/2020\/12\/5-3-300x300.png 300w, https:\/\/shop.crenali.de\/blog\/wp-content\/uploads\/2020\/12\/5-3-150x150.png 150w, https:\/\/shop.crenali.de\/blog\/wp-content\/uploads\/2020\/12\/5-3-768x768.png 768w, https:\/\/shop.crenali.de\/blog\/wp-content\/uploads\/2020\/12\/5-3-100x100.png 100w, https:\/\/shop.crenali.de\/blog\/wp-content\/uploads\/2020\/12\/5-3.png 1080w\" sizes=\"(max-width: 767px) 89vw, (max-width: 1000px) 54vw, (max-width: 1071px) 543px, 580px\" \/><figcaption>Lieblingspraktikantin Carina als \u00dcberraschungsgast<\/figcaption><\/figure>\n\n\n\n<h2><span class=\"ez-toc-section\" id=\"huerden-vor-und-waehrend-messetaetigkeiten\"><\/span>H\u00fcrden vor und w\u00e4hrend Messet\u00e4tigkeiten<span class=\"ez-toc-section-end\"><\/span><\/h2>\n\n\n\n<p>2019 war ich in Kieselbronn ganz regul\u00e4r als Ausstellerin eingeplant und hatte so entsprechend genug Zeit, um zu f\u00e4rben und zu planen. Dachte ich.<\/p>\n\n\n\n<p>W\u00e4re da nicht Murphy. Der hat ja bekanntlich ein H\u00e4ndchen f\u00fcr die absolut ungeeignetsten Augenblicke, um einen zu besuchen&#8230;<\/p>\n\n\n\n<p>Das Leben w\u00e4re ja auch irgendwie langweilig, wenn man nicht spontan einen gebrochenen Finger und eine nicht geplante OP dazwischen schieben k\u00f6nnte. \ud83d\ude05<\/p>\n\n\n\n<p>Umso sch\u00f6ner ist es dann, wenn auf einen (verzweifelten) Hilferuf in der facebook Gruppe jemand ein gro\u00dfes Herz hat und einem unter die Arme greift.<\/p>\n\n\n\n<p><strong>Carina<\/strong> &#8211; die genau erkennt, wann Hilfe n\u00f6tig ist und anpackt, egal wie schmutzig die F\u00e4rbet\u00f6pfe auch sein m\u00f6gen.<\/p>\n\n\n\n<p>N\u00e4chtelang haben wir in der Werkstatt die T\u00f6pfe jongliert und richtig Gas gegeben, um die verlorene Zeit wieder wett zu machen. Und ich kann an dieser Stelle nur ein riesengro\u00dfes Danke aussprechen. Ohne Carina w\u00e4re es 2019 ganz sch\u00f6n leer gewesen im Crenali Sortiment.<\/p>\n\n\n\n<figure class=\"wp-block-image size-large\"><img loading=\"lazy\" width=\"1024\" height=\"1024\" src=\"https:\/\/shop.crenali.de\/blog\/wp-content\/uploads\/2020\/12\/6-2-1024x1024.png\" alt=\"Lagerbestand nach dem Wollfest\" class=\"wp-image-187\" srcset=\"https:\/\/shop.crenali.de\/blog\/wp-content\/uploads\/2020\/12\/6-2-1024x1024.png 1024w, https:\/\/shop.crenali.de\/blog\/wp-content\/uploads\/2020\/12\/6-2-300x300.png 300w, https:\/\/shop.crenali.de\/blog\/wp-content\/uploads\/2020\/12\/6-2-150x150.png 150w, https:\/\/shop.crenali.de\/blog\/wp-content\/uploads\/2020\/12\/6-2-768x768.png 768w, https:\/\/shop.crenali.de\/blog\/wp-content\/uploads\/2020\/12\/6-2-100x100.png 100w, https:\/\/shop.crenali.de\/blog\/wp-content\/uploads\/2020\/12\/6-2.png 1080w\" sizes=\"(max-width: 767px) 89vw, (max-width: 1000px) 54vw, (max-width: 1071px) 543px, 580px\" \/><figcaption>Wenn du zur\u00fcck kommst und die Regale leer bleiben, nennt sich das Erfolg<\/figcaption><\/figure>\n\n\n\n<p>Bekannterweise bin ich ja kein Fan von Ein- und Ausladen. Aber eines muss ich gestehen: Als ich von WollLandia zur\u00fcck kam und nach dem Auspacken die Regale weitestgehend leer blieben, da war das ein super Gef\u00fchl.<\/p>\n\n\n\n<p>Hier findest du \u00fcbrigens die Webseite von WollLandia:<\/p>\n\n\n\n<div class=\"wp-container-1 wp-block-buttons aligncenter\">\n<div class=\"wp-block-button\"><a class=\"wp-block-button__link\" href=\"https:\/\/wolllandia.jimdofree.com\/\" target=\"_blank\" rel=\"noreferrer noopener\">WollLandia Webseite<\/a><\/div>\n\n\n\n<div class=\"wp-block-button\"><a class=\"wp-block-button__link\" href=\"https:\/\/www.facebook.com\/WollLandia\/\" target=\"_blank\" rel=\"noreferrer noopener\">WollLandia auf facebook<\/a><\/div>\n\n\n\n<div class=\"wp-block-button\"><a class=\"wp-block-button__link\" href=\"https:\/\/www.ravelry.com\/groups\/browse\/show\/wolllandia---das-wollfest-in-kieselbronn\" target=\"_blank\" rel=\"noreferrer noopener\">WollLandia auf Ravelry<\/a><\/div>\n<\/div>\n\n\n\n<p>Und falls du die Wollfest R\u00fcckblicke der anderen Wollfeste gerne lesen magst, dann schau doch mal hier:<\/p>\n\n\n\n<div class=\"wp-container-2 wp-block-buttons\">\n<div class=\"wp-block-button\"><a class=\"wp-block-button__link\">Woll-R\u00fcckblicke im Blog<\/a><\/div>\n<\/div>\n\n\n\n<p>Danke all den Kund*innen, die bei uns zugeschlagen haben. So machen Wollfeste sogar noch mehr Spa\u00df. \ud83d\ude43<\/p>\n\n\n\n<p>Ich freue mich auf den n\u00e4chsten Ausflug beim Wollfest-R\u00fcckblick &#8211; mal sehen, wohin die Reise uns f\u00fchrt.<\/p>\n\n\n\n<p>Bis zum n\u00e4chsten Mal, <\/p>\n\n\n\n<p>deine Dorothea \ud83c\udf3b<\/p>\n","protected":false},"excerpt":{"rendered":"<p>Kurz vorm Jahreswechsel 2020\/2021 ist auch ein Jahressprung beim Wollfest-R\u00fcckblick zu verzeichnen. Nun geht es also von 2018 ins Jahr 2019. (Hinken wir da den Jahren etwa hinterher?) \ud83d\ude09 Die Kreativm\u00e4rkte und -messen habe ich unterschlagen (so also auch den angek\u00fcndigten Ausflug nach Karlsruhe zur Nadelwelt), da ich denke, dass die Wollfeste einfach mehr Flair &hellip; <\/p>\n<p class=\"link-more\"><a href=\"https:\/\/shop.crenali.de\/blog\/wollfest-rueckblick-no-4-wolllandia-kieselbronn-2019\/\" class=\"more-link\"><span class=\"screen-reader-text\">\u201eWollfest R\u00fcckblick No. 4: WollLandia Kieselbronn 2019\u201c<\/span> weiterlesen<\/a><\/p>\n","protected":false},"author":1,"featured_media":0,"comment_status":"open","ping_status":"open","sticky":false,"template":"","format":"standard","meta":[],"categories":[110],"tags":[79,80,69,71,72],"yoast_head":"<!-- This site is optimized with the Yoast SEO plugin v19.8 - https:\/\/yoast.com\/wordpress\/plugins\/seo\/ -->\n<title>Wollfest R\u00fcckblick No. 4: WollLandia Kieselbronn 2019 - Crenali handmade bloggt<\/title>\n<meta name=\"description\" content=\"Komm mit auf eine Reise zum Wollfest R\u00fcckblick | WollLandia 2019 in Kieselbronn | Wolle, Fasern und mehr! | Wollfest-Feeling online f\u00fcr alle\" \/>\n<meta name=\"robots\" content=\"index, follow, max-snippet:-1, max-image-preview:large, max-video-preview:-1\" \/>\n<link rel=\"canonical\" href=\"https:\/\/shop.crenali.de\/blog\/wollfest-rueckblick-no-4-wolllandia-kieselbronn-2019\/\" \/>\n<meta property=\"og:locale\" content=\"de_DE\" \/>\n<meta property=\"og:type\" content=\"article\" \/>\n<meta property=\"og:title\" content=\"Wollfest R\u00fcckblick No. 4: WollLandia Kieselbronn 2019 - Crenali handmade bloggt\" \/>\n<meta property=\"og:description\" content=\"Komm mit auf eine Reise zum Wollfest R\u00fcckblick | WollLandia 2019 in Kieselbronn | Wolle, Fasern und mehr! | Wollfest-Feeling online f\u00fcr alle\" \/>\n<meta property=\"og:url\" content=\"https:\/\/shop.crenali.de\/blog\/wollfest-rueckblick-no-4-wolllandia-kieselbronn-2019\/\" \/>\n<meta property=\"og:site_name\" content=\"Crenali handmade bloggt\" \/>\n<meta property=\"article:publisher\" content=\"https:\/\/www.fb.com\/crenali\" \/>\n<meta property=\"article:author\" content=\"https:\/\/www.facebook.com\/crenali\" \/>\n<meta property=\"article:published_time\" content=\"2020-12-27T20:11:18+00:00\" \/>\n<meta property=\"article:modified_time\" content=\"2021-02-01T17:11:07+00:00\" \/>\n<meta property=\"og:image\" content=\"https:\/\/shop.crenali.de\/blog\/wp-content\/uploads\/2020\/12\/2-5-1024x1024.png\" \/>\n<meta name=\"author\" content=\"Dorothea J. Richter\" \/>\n<meta name=\"twitter:card\" content=\"summary_large_image\" \/>\n<meta name=\"twitter:label1\" content=\"Verfasst von\" \/>\n\t<meta name=\"twitter:data1\" content=\"Dorothea J. Richter\" \/>\n\t<meta name=\"twitter:label2\" content=\"Gesch\u00e4tzte Lesezeit\" \/>\n\t<meta name=\"twitter:data2\" content=\"5 Minuten\" \/>\n<script type=\"application\/ld+json\" class=\"yoast-schema-graph\">{\"@context\":\"https:\/\/schema.org\",\"@graph\":[{\"@type\":\"Article\",\"@id\":\"https:\/\/shop.crenali.de\/blog\/wollfest-rueckblick-no-4-wolllandia-kieselbronn-2019\/#article\",\"isPartOf\":{\"@id\":\"https:\/\/shop.crenali.de\/blog\/wollfest-rueckblick-no-4-wolllandia-kieselbronn-2019\/\"},\"author\":{\"name\":\"Dorothea J. Richter\",\"@id\":\"https:\/\/shop.crenali.de\/blog\/#\/schema\/person\/2f9f3e49b300308c8aaf11894b7484af\"},\"headline\":\"Wollfest R\u00fcckblick No. 4: WollLandia Kieselbronn 2019\",\"datePublished\":\"2020-12-27T20:11:18+00:00\",\"dateModified\":\"2021-02-01T17:11:07+00:00\",\"mainEntityOfPage\":{\"@id\":\"https:\/\/shop.crenali.de\/blog\/wollfest-rueckblick-no-4-wolllandia-kieselbronn-2019\/\"},\"wordCount\":791,\"commentCount\":0,\"publisher\":{\"@id\":\"https:\/\/shop.crenali.de\/blog\/#organization\"},\"keywords\":[\"Marktbericht\",\"R\u00fcckblick\",\"Wollfest\",\"WollLandia\",\"Wollparty\"],\"articleSection\":[\"WollFeste\"],\"inLanguage\":\"de-DE\",\"potentialAction\":[{\"@type\":\"CommentAction\",\"name\":\"Comment\",\"target\":[\"https:\/\/shop.crenali.de\/blog\/wollfest-rueckblick-no-4-wolllandia-kieselbronn-2019\/#respond\"]}]},{\"@type\":\"WebPage\",\"@id\":\"https:\/\/shop.crenali.de\/blog\/wollfest-rueckblick-no-4-wolllandia-kieselbronn-2019\/\",\"url\":\"https:\/\/shop.crenali.de\/blog\/wollfest-rueckblick-no-4-wolllandia-kieselbronn-2019\/\",\"name\":\"Wollfest R\u00fcckblick No. 4: WollLandia Kieselbronn 2019 - Crenali handmade bloggt\",\"isPartOf\":{\"@id\":\"https:\/\/shop.crenali.de\/blog\/#website\"},\"datePublished\":\"2020-12-27T20:11:18+00:00\",\"dateModified\":\"2021-02-01T17:11:07+00:00\",\"description\":\"Komm mit auf eine Reise zum Wollfest R\u00fcckblick | WollLandia 2019 in Kieselbronn | Wolle, Fasern und mehr! | Wollfest-Feeling online f\u00fcr alle\",\"breadcrumb\":{\"@id\":\"https:\/\/shop.crenali.de\/blog\/wollfest-rueckblick-no-4-wolllandia-kieselbronn-2019\/#breadcrumb\"},\"inLanguage\":\"de-DE\",\"potentialAction\":[{\"@type\":\"ReadAction\",\"target\":[\"https:\/\/shop.crenali.de\/blog\/wollfest-rueckblick-no-4-wolllandia-kieselbronn-2019\/\"]}]},{\"@type\":\"BreadcrumbList\",\"@id\":\"https:\/\/shop.crenali.de\/blog\/wollfest-rueckblick-no-4-wolllandia-kieselbronn-2019\/#breadcrumb\",\"itemListElement\":[{\"@type\":\"ListItem\",\"position\":1,\"name\":\"Startseite\",\"item\":\"https:\/\/shop.crenali.de\/blog\/\"},{\"@type\":\"ListItem\",\"position\":2,\"name\":\"Wollfest R\u00fcckblick No. 4: WollLandia Kieselbronn 2019\"}]},{\"@type\":\"WebSite\",\"@id\":\"https:\/\/shop.crenali.de\/blog\/#website\",\"url\":\"https:\/\/shop.crenali.de\/blog\/\",\"name\":\"Crenali handmade bloggt\",\"description\":\"Jetzt reden wir Klartext!\",\"publisher\":{\"@id\":\"https:\/\/shop.crenali.de\/blog\/#organization\"},\"potentialAction\":[{\"@type\":\"SearchAction\",\"target\":{\"@type\":\"EntryPoint\",\"urlTemplate\":\"https:\/\/shop.crenali.de\/blog\/?s={search_term_string}\"},\"query-input\":\"required name=search_term_string\"}],\"inLanguage\":\"de-DE\"},{\"@type\":\"Organization\",\"@id\":\"https:\/\/shop.crenali.de\/blog\/#organization\",\"name\":\"Crenali handmade\",\"url\":\"https:\/\/shop.crenali.de\/blog\/\",\"sameAs\":[\"https:\/\/www.instagram.com\/creative.natural.living\",\"https:\/\/www.linkedin.com\/in\/crenali\/\",\"https:\/\/www.pinterest.de\/Crenali\/\",\"https:\/\/www.fb.com\/crenali\"],\"logo\":{\"@type\":\"ImageObject\",\"inLanguage\":\"de-DE\",\"@id\":\"https:\/\/shop.crenali.de\/blog\/#\/schema\/logo\/image\/\",\"url\":\"https:\/\/shop.crenali.de\/blog\/wp-content\/uploads\/2020\/05\/cropped-Crenali_Logo-01-2.png\",\"contentUrl\":\"https:\/\/shop.crenali.de\/blog\/wp-content\/uploads\/2020\/05\/cropped-Crenali_Logo-01-2.png\",\"width\":250,\"height\":250,\"caption\":\"Crenali handmade\"},\"image\":{\"@id\":\"https:\/\/shop.crenali.de\/blog\/#\/schema\/logo\/image\/\"}},{\"@type\":\"Person\",\"@id\":\"https:\/\/shop.crenali.de\/blog\/#\/schema\/person\/2f9f3e49b300308c8aaf11894b7484af\",\"name\":\"Dorothea J. Richter\",\"image\":{\"@type\":\"ImageObject\",\"inLanguage\":\"de-DE\",\"@id\":\"https:\/\/shop.crenali.de\/blog\/#\/schema\/person\/image\/\",\"url\":\"https:\/\/secure.gravatar.com\/avatar\/a9859ef6d0982f1955ddcd9d2b0bc32d?s=96&d=mm&r=g\",\"contentUrl\":\"https:\/\/secure.gravatar.com\/avatar\/a9859ef6d0982f1955ddcd9d2b0bc32d?s=96&d=mm&r=g\",\"caption\":\"Dorothea J. Richter\"},\"sameAs\":[\"https:\/\/shop.crenali.de\/blog\",\"https:\/\/www.facebook.com\/crenali\",\"https:\/\/www.instagram.com\/creative.natural.living\"]}]}<\/script>\n<!-- \/ Yoast SEO plugin. -->","yoast_head_json":{"title":"Wollfest R\u00fcckblick No. 4: WollLandia Kieselbronn 2019 - Crenali handmade bloggt","description":"Komm mit auf eine Reise zum Wollfest R\u00fcckblick | WollLandia 2019 in Kieselbronn | Wolle, Fasern und mehr! | Wollfest-Feeling online f\u00fcr alle","robots":{"index":"index","follow":"follow","max-snippet":"max-snippet:-1","max-image-preview":"max-image-preview:large","max-video-preview":"max-video-preview:-1"},"canonical":"https:\/\/shop.crenali.de\/blog\/wollfest-rueckblick-no-4-wolllandia-kieselbronn-2019\/","og_locale":"de_DE","og_type":"article","og_title":"Wollfest R\u00fcckblick No. 4: WollLandia Kieselbronn 2019 - Crenali handmade bloggt","og_description":"Komm mit auf eine Reise zum Wollfest R\u00fcckblick | WollLandia 2019 in Kieselbronn | Wolle, Fasern und mehr! | Wollfest-Feeling online f\u00fcr alle","og_url":"https:\/\/shop.crenali.de\/blog\/wollfest-rueckblick-no-4-wolllandia-kieselbronn-2019\/","og_site_name":"Crenali handmade bloggt","article_publisher":"https:\/\/www.fb.com\/crenali","article_author":"https:\/\/www.facebook.com\/crenali","article_published_time":"2020-12-27T20:11:18+00:00","article_modified_time":"2021-02-01T17:11:07+00:00","og_image":[{"url":"https:\/\/shop.crenali.de\/blog\/wp-content\/uploads\/2020\/12\/2-5-1024x1024.png"}],"author":"Dorothea J. Richter","twitter_card":"summary_large_image","twitter_misc":{"Verfasst von":"Dorothea J. Richter","Gesch\u00e4tzte Lesezeit":"5 Minuten"},"schema":{"@context":"https:\/\/schema.org","@graph":[{"@type":"Article","@id":"https:\/\/shop.crenali.de\/blog\/wollfest-rueckblick-no-4-wolllandia-kieselbronn-2019\/#article","isPartOf":{"@id":"https:\/\/shop.crenali.de\/blog\/wollfest-rueckblick-no-4-wolllandia-kieselbronn-2019\/"},"author":{"name":"Dorothea J. Richter","@id":"https:\/\/shop.crenali.de\/blog\/#\/schema\/person\/2f9f3e49b300308c8aaf11894b7484af"},"headline":"Wollfest R\u00fcckblick No. 4: WollLandia Kieselbronn 2019","datePublished":"2020-12-27T20:11:18+00:00","dateModified":"2021-02-01T17:11:07+00:00","mainEntityOfPage":{"@id":"https:\/\/shop.crenali.de\/blog\/wollfest-rueckblick-no-4-wolllandia-kieselbronn-2019\/"},"wordCount":791,"commentCount":0,"publisher":{"@id":"https:\/\/shop.crenali.de\/blog\/#organization"},"keywords":["Marktbericht","R\u00fcckblick","Wollfest","WollLandia","Wollparty"],"articleSection":["WollFeste"],"inLanguage":"de-DE","potentialAction":[{"@type":"CommentAction","name":"Comment","target":["https:\/\/shop.crenali.de\/blog\/wollfest-rueckblick-no-4-wolllandia-kieselbronn-2019\/#respond"]}]},{"@type":"WebPage","@id":"https:\/\/shop.crenali.de\/blog\/wollfest-rueckblick-no-4-wolllandia-kieselbronn-2019\/","url":"https:\/\/shop.crenali.de\/blog\/wollfest-rueckblick-no-4-wolllandia-kieselbronn-2019\/","name":"Wollfest R\u00fcckblick No. 4: WollLandia Kieselbronn 2019 - Crenali handmade bloggt","isPartOf":{"@id":"https:\/\/shop.crenali.de\/blog\/#website"},"datePublished":"2020-12-27T20:11:18+00:00","dateModified":"2021-02-01T17:11:07+00:00","description":"Komm mit auf eine Reise zum Wollfest R\u00fcckblick | WollLandia 2019 in Kieselbronn | Wolle, Fasern und mehr! | Wollfest-Feeling online f\u00fcr alle","breadcrumb":{"@id":"https:\/\/shop.crenali.de\/blog\/wollfest-rueckblick-no-4-wolllandia-kieselbronn-2019\/#breadcrumb"},"inLanguage":"de-DE","potentialAction":[{"@type":"ReadAction","target":["https:\/\/shop.crenali.de\/blog\/wollfest-rueckblick-no-4-wolllandia-kieselbronn-2019\/"]}]},{"@type":"BreadcrumbList","@id":"https:\/\/shop.crenali.de\/blog\/wollfest-rueckblick-no-4-wolllandia-kieselbronn-2019\/#breadcrumb","itemListElement":[{"@type":"ListItem","position":1,"name":"Startseite","item":"https:\/\/shop.crenali.de\/blog\/"},{"@type":"ListItem","position":2,"name":"Wollfest R\u00fcckblick No. 4: WollLandia Kieselbronn 2019"}]},{"@type":"WebSite","@id":"https:\/\/shop.crenali.de\/blog\/#website","url":"https:\/\/shop.crenali.de\/blog\/","name":"Crenali handmade bloggt","description":"Jetzt reden wir Klartext!","publisher":{"@id":"https:\/\/shop.crenali.de\/blog\/#organization"},"potentialAction":[{"@type":"SearchAction","target":{"@type":"EntryPoint","urlTemplate":"https:\/\/shop.crenali.de\/blog\/?s={search_term_string}"},"query-input":"required name=search_term_string"}],"inLanguage":"de-DE"},{"@type":"Organization","@id":"https:\/\/shop.crenali.de\/blog\/#organization","name":"Crenali handmade","url":"https:\/\/shop.crenali.de\/blog\/","sameAs":["https:\/\/www.instagram.com\/creative.natural.living","https:\/\/www.linkedin.com\/in\/crenali\/","https:\/\/www.pinterest.de\/Crenali\/","https:\/\/www.fb.com\/crenali"],"logo":{"@type":"ImageObject","inLanguage":"de-DE","@id":"https:\/\/shop.crenali.de\/blog\/#\/schema\/logo\/image\/","url":"https:\/\/shop.crenali.de\/blog\/wp-content\/uploads\/2020\/05\/cropped-Crenali_Logo-01-2.png","contentUrl":"https:\/\/shop.crenali.de\/blog\/wp-content\/uploads\/2020\/05\/cropped-Crenali_Logo-01-2.png","width":250,"height":250,"caption":"Crenali handmade"},"image":{"@id":"https:\/\/shop.crenali.de\/blog\/#\/schema\/logo\/image\/"}},{"@type":"Person","@id":"https:\/\/shop.crenali.de\/blog\/#\/schema\/person\/2f9f3e49b300308c8aaf11894b7484af","name":"Dorothea J. Richter","image":{"@type":"ImageObject","inLanguage":"de-DE","@id":"https:\/\/shop.crenali.de\/blog\/#\/schema\/person\/image\/","url":"https:\/\/secure.gravatar.com\/avatar\/a9859ef6d0982f1955ddcd9d2b0bc32d?s=96&d=mm&r=g","contentUrl":"https:\/\/secure.gravatar.com\/avatar\/a9859ef6d0982f1955ddcd9d2b0bc32d?s=96&d=mm&r=g","caption":"Dorothea J. Richter"},"sameAs":["https:\/\/shop.crenali.de\/blog","https:\/\/www.facebook.com\/crenali","https:\/\/www.instagram.com\/creative.natural.living"]}]}},"_links":{"self":[{"href":"https:\/\/shop.crenali.de\/blog\/wp-json\/wp\/v2\/posts\/182"}],"collection":[{"href":"https:\/\/shop.crenali.de\/blog\/wp-json\/wp\/v2\/posts"}],"about":[{"href":"https:\/\/shop.crenali.de\/blog\/wp-json\/wp\/v2\/types\/post"}],"author":[{"embeddable":true,"href":"https:\/\/shop.crenali.de\/blog\/wp-json\/wp\/v2\/users\/1"}],"replies":[{"embeddable":true,"href":"https:\/\/shop.crenali.de\/blog\/wp-json\/wp\/v2\/comments?post=182"}],"version-history":[{"count":2,"href":"https:\/\/shop.crenali.de\/blog\/wp-json\/wp\/v2\/posts\/182\/revisions"}],"predecessor-version":[{"id":352,"href":"https:\/\/shop.crenali.de\/blog\/wp-json\/wp\/v2\/posts\/182\/revisions\/352"}],"wp:attachment":[{"href":"https:\/\/shop.crenali.de\/blog\/wp-json\/wp\/v2\/media?parent=182"}],"wp:term":[{"taxonomy":"category","embeddable":true,"href":"https:\/\/shop.crenali.de\/blog\/wp-json\/wp\/v2\/categories?post=182"},{"taxonomy":"post_tag","embeddable":true,"href":"https:\/\/shop.crenali.de\/blog\/wp-json\/wp\/v2\/tags?post=182"}],"curies":[{"name":"wp","href":"https:\/\/api.w.org\/{rel}","templated":true}]}}