{"id":238,"date":"2021-01-08T19:14:59","date_gmt":"2021-01-08T18:14:59","guid":{"rendered":"https:\/\/shop.crenali.de\/blog\/?p=238"},"modified":"2021-02-01T18:09:03","modified_gmt":"2021-02-01T17:09:03","slug":"fasergefluester-no-6","status":"publish","type":"post","link":"https:\/\/shop.crenali.de\/blog\/fasergefluester-no-6\/","title":{"rendered":"FaserGefl\u00fcster No. 6 &#8211; Das Kamel"},"content":{"rendered":"\n<p>Im heutigen FaserGefl\u00fcster geht es um ein Tier, das eine meiner liebsten Edelfasern &#8222;produziert&#8220; &#8211; das Kamel.<\/p>\n\n\n\n<p>Wundervolle Tiere, die manchmal ein wenig plump wirken. Aber ihre Fasern &#8211; ein kuschelweicher und edler Traum. \u2728<\/p>\n\n\n\n<div id=\"ez-toc-container\" class=\"ez-toc-v2_0_34 counter-hierarchy ez-toc-counter ez-toc-light-blue ez-toc-container-direction\">\n<div class=\"ez-toc-title-container\">\n<p class=\"ez-toc-title\">Diese Themen erwarten dich im Blogartikel:<\/p>\n<span class=\"ez-toc-title-toggle\"><\/span><\/div>\n<nav><ul class='ez-toc-list ez-toc-list-level-1'><li class='ez-toc-page-1 ez-toc-heading-level-2'><a class=\"ez-toc-link ez-toc-heading-1\" href=\"https:\/\/shop.crenali.de\/blog\/fasergefluester-no-6\/#herkunft-und-fakten-ueber-kamele\" title=\"Herkunft und Fakten \u00fcber Kamele\">Herkunft und Fakten \u00fcber Kamele<\/a><ul class='ez-toc-list-level-3'><li class='ez-toc-heading-level-3'><a class=\"ez-toc-link ez-toc-heading-2\" href=\"https:\/\/shop.crenali.de\/blog\/fasergefluester-no-6\/#gewicht-und-groesse\" title=\"Gewicht und Gr\u00f6\u00dfe\">Gewicht und Gr\u00f6\u00dfe<\/a><\/li><li class='ez-toc-page-1 ez-toc-heading-level-3'><a class=\"ez-toc-link ez-toc-heading-3\" href=\"https:\/\/shop.crenali.de\/blog\/fasergefluester-no-6\/#alter\" title=\"Alter\">Alter<\/a><\/li><\/ul><\/li><li class='ez-toc-page-1 ez-toc-heading-level-2'><a class=\"ez-toc-link ez-toc-heading-4\" href=\"https:\/\/shop.crenali.de\/blog\/fasergefluester-no-6\/#fasergefluester-klaert-auf-altweltkamele-neuweltkamele-oder-was\" title=\"FaserGefl\u00fcster kl\u00e4rt auf! Altweltkamele &#8211; Neuweltkamele oder was? \">FaserGefl\u00fcster kl\u00e4rt auf! Altweltkamele &#8211; Neuweltkamele oder was? <\/a><\/li><li class='ez-toc-page-1 ez-toc-heading-level-2'><a class=\"ez-toc-link ez-toc-heading-5\" href=\"https:\/\/shop.crenali.de\/blog\/fasergefluester-no-6\/#eigenschaften-der-fasern\" title=\"Eigenschaften der Fasern\">Eigenschaften der Fasern<\/a><ul class='ez-toc-list-level-3'><li class='ez-toc-heading-level-3'><a class=\"ez-toc-link ez-toc-heading-6\" href=\"https:\/\/shop.crenali.de\/blog\/fasergefluester-no-6\/#farben\" title=\"Farben\">Farben<\/a><\/li><li class='ez-toc-page-1 ez-toc-heading-level-3'><a class=\"ez-toc-link ez-toc-heading-7\" href=\"https:\/\/shop.crenali.de\/blog\/fasergefluester-no-6\/#feinheit-und-co\" title=\"Feinheit und Co.\">Feinheit und Co.<\/a><\/li><li class='ez-toc-page-1 ez-toc-heading-level-3'><a class=\"ez-toc-link ez-toc-heading-8\" href=\"https:\/\/shop.crenali.de\/blog\/fasergefluester-no-6\/#kann-man-das-gesamte-haar-verarbeiten\" title=\"Kann man das gesamte Haar verarbeiten?\">Kann man das gesamte Haar verarbeiten?<\/a><\/li><\/ul><\/li><li class='ez-toc-page-1 ez-toc-heading-level-2'><a class=\"ez-toc-link ez-toc-heading-9\" href=\"https:\/\/shop.crenali.de\/blog\/fasergefluester-no-6\/#fasergefluester-fasermenge-charakteristik\" title=\"FaserGefl\u00fcster: Fasermenge &amp; Charakteristik\">FaserGefl\u00fcster: Fasermenge &amp; Charakteristik<\/a><\/li><li class='ez-toc-page-1 ez-toc-heading-level-2'><a class=\"ez-toc-link ez-toc-heading-10\" href=\"https:\/\/shop.crenali.de\/blog\/fasergefluester-no-6\/#wofuer-kann-ich-kamelwolle-verwenden\" title=\"Wof\u00fcr kann ich Kamelwolle verwenden?\">Wof\u00fcr kann ich Kamelwolle verwenden?<\/a><\/li><\/ul><\/nav><\/div>\n<h2><span class=\"ez-toc-section\" id=\"herkunft-und-fakten-ueber-kamele\"><\/span>Herkunft und Fakten \u00fcber Kamele<span class=\"ez-toc-section-end\"><\/span><\/h2>\n\n\n\n<p>Die etwas ungelenk wirkenden gro\u00dfen Tiere mit den zwei H\u00f6ckern stammen aus den Steppen Nordostasiens.<\/p>\n\n\n\n<h3><span class=\"ez-toc-section\" id=\"gewicht-und-groesse\"><\/span>Gewicht und Gr\u00f6\u00dfe<span class=\"ez-toc-section-end\"><\/span><\/h3>\n\n\n\n<p>Bei der Geburt wiegen die K\u00e4lber zwischen 36 und 59 Kilogramm &#8211; quasi ein Hauch von Nichts gegen ein ausgewachsenes Tier, welches sein Gewicht mehr als verzehnfacht und bis zu 750 Kilo wiegt. Bei einer K\u00f6rpergr\u00f6\u00dfe von rund 2.80m verteilt auf vier Beine durchaus eine stattliche Figur. \ud83d\ude43<\/p>\n\n\n\n<h3><span class=\"ez-toc-section\" id=\"alter\"><\/span>Alter<span class=\"ez-toc-section-end\"><\/span><\/h3>\n\n\n\n<p>Ein Kamel hat durchaus ein langes Leben vor sich: Es kann zwischen 40 und 50 Jahre alt werden. Und das, obwohl der Lebensraum durchaus anspruchsvoll ist.<\/p>\n\n\n\n<figure class=\"wp-block-image size-large\"><img loading=\"lazy\" width=\"1024\" height=\"1024\" src=\"https:\/\/shop.crenali.de\/blog\/wp-content\/uploads\/2021\/01\/FaserGefluester-Kamel-Crenali-handmade-Blog-Crenalis-Klartext-Uersicht-1024x1024.png\" alt=\"FaserGefl\u00fcster | Kamel | Crenali bloggt | Crenalis Klartext | Zahlen, Daten, Fakten rund um Kamele\" class=\"wp-image-240\" srcset=\"https:\/\/shop.crenali.de\/blog\/wp-content\/uploads\/2021\/01\/FaserGefluester-Kamel-Crenali-handmade-Blog-Crenalis-Klartext-Uersicht-1024x1024.png 1024w, https:\/\/shop.crenali.de\/blog\/wp-content\/uploads\/2021\/01\/FaserGefluester-Kamel-Crenali-handmade-Blog-Crenalis-Klartext-Uersicht-300x300.png 300w, https:\/\/shop.crenali.de\/blog\/wp-content\/uploads\/2021\/01\/FaserGefluester-Kamel-Crenali-handmade-Blog-Crenalis-Klartext-Uersicht-150x150.png 150w, https:\/\/shop.crenali.de\/blog\/wp-content\/uploads\/2021\/01\/FaserGefluester-Kamel-Crenali-handmade-Blog-Crenalis-Klartext-Uersicht-768x768.png 768w, https:\/\/shop.crenali.de\/blog\/wp-content\/uploads\/2021\/01\/FaserGefluester-Kamel-Crenali-handmade-Blog-Crenalis-Klartext-Uersicht-100x100.png 100w, https:\/\/shop.crenali.de\/blog\/wp-content\/uploads\/2021\/01\/FaserGefluester-Kamel-Crenali-handmade-Blog-Crenalis-Klartext-Uersicht.png 1080w\" sizes=\"(max-width: 767px) 89vw, (max-width: 1000px) 54vw, (max-width: 1071px) 543px, 580px\" \/><figcaption>FaserGefk\u00fcster Das Kamel &#8211; hier erf\u00e4hrst du spannede Fakten!<\/figcaption><\/figure>\n\n\n\n<!--more-->\n\n\n\n<h2><span class=\"ez-toc-section\" id=\"fasergefluester-klaert-auf-altweltkamele-neuweltkamele-oder-was\"><\/span>FaserGefl\u00fcster kl\u00e4rt auf! Altweltkamele &#8211; Neuweltkamele oder was? <span class=\"ez-toc-section-end\"><\/span><\/h2>\n\n\n\n<p>Wenn wir das Wort &#8222;Kamel&#8220; h\u00f6ren, denken wir in der Regel sofort an die Altweltkamele. Das sind die Kamele und Dromedare, die \u00fcblicherweise in Afrika, dem mittleren Osten und Asien zu finden sind.<\/p>\n\n\n\n<p>Zu den Neuweltkamelen z\u00e4hlen Alpakas und all ihre Vertreter. Schau hierf\u00fcr am Besten mal in den zugeh\u00f6rigen Blogbeitrag: <\/p>\n\n\n\n<div class=\"wp-container-1 wp-block-buttons aligncenter\">\n<div class=\"wp-block-button\"><a class=\"wp-block-button__link\" href=\"https:\/\/shop.crenali.de\/blog\/fasergefluester-no-4-alpakas\/\" target=\"_blank\" rel=\"noreferrer noopener\">FaserGefl\u00fcster No. 4: Alpaka<\/a><\/div>\n<\/div>\n\n\n\n<h2><span class=\"ez-toc-section\" id=\"eigenschaften-der-fasern\"><\/span>Eigenschaften der Fasern<span class=\"ez-toc-section-end\"><\/span><\/h2>\n\n\n\n<p>Beleuchten wir im Folgenden die Fasereigenschaften mal ein wenig n\u00e4her. Immerhin ist es ja der Punkt, der uns beim Handarbeiten vermutlich am Meisten interessiert. \ud83d\ude09<\/p>\n\n\n\n<h3><span class=\"ez-toc-section\" id=\"farben\"><\/span>Farben<span class=\"ez-toc-section-end\"><\/span><\/h3>\n\n\n\n<p>Die Farbbezeichnung &#8222;Kamel&#8220; ist sicherlich jedem gel\u00e4ufig. Allerdings macht sie relativ wenig Sinn, denn Kamele gibt es nicht nur in der bezeichneten Farbe. Ganz im Gegenteil: Eine ganze Reihe an Braunt\u00f6nen, Grauvariationen und in seltenen F\u00e4llen auch Wei\u00df geh\u00f6ren zu den Fellfarben, die anzutreffen sind.<\/p>\n\n\n\n<h3><span class=\"ez-toc-section\" id=\"feinheit-und-co\"><\/span>Feinheit und Co.<span class=\"ez-toc-section-end\"><\/span><\/h3>\n\n\n\n<p>Mongolisches Kamelhaar geh\u00f6rt mit zu den feinsten Kamelfasern und hat einen Faserdurchmesser vergleichbar mit Cashmere. Die Fasern k\u00f6nnen durchaus in der Weichheit mithalten. Kuschelfaktor hoch 10!<\/p>\n\n\n\n<h3><span class=\"ez-toc-section\" id=\"kann-man-das-gesamte-haar-verarbeiten\"><\/span>Kann man das gesamte Haar verarbeiten?<span class=\"ez-toc-section-end\"><\/span><\/h3>\n\n\n\n<p>Der Anteil, der zu Garn versponnen wird, ist nat\u00fcrlich eher kleiner. Nun fragst du dich vielleicht, was mit dem Rest passiert. Und keine Sorge: Weg kommt hier nichts. \ud83d\ude43<\/p>\n\n\n\n<p>Wie Yakhaar auch, wird Kamelhaar zu warmen Zelten, Jurten und M\u00e4nteln verarbeitet. Erstaunlicherweise ist es auch \u00e4u\u00dferst robust und l\u00e4sst sich zu stabilen B\u00e4ndern, Teppichen oder Halftern verarbeiten.<\/p>\n\n\n\n<p>Au\u00dferdem wird Kamelhaar auch in Bettdecken verwendet. Der Grund: \u00c4hnlich wie Angora soll es Schmerzen und Beschwerden von Arthritis lindern.<\/p>\n\n\n\n<p>Im \u00dcbrigen ist die Schur bei Kamelen eher selten, da sie im Fr\u00fchjahr ihren Haarwechsel haben, bei dem sie ihre Unterwolle abwerfen. Das hei\u00dft die Fasern werden in der Regel von Hand gesammelt oder ausgek\u00e4mmt und f\u00fcr die weitere Verarbeitung getrennt.<\/p>\n\n\n\n<p>Der Vorteil der Auslese von Hand ist, dass deutlich weniger Haare aussortiert werden m\u00fcssen.<\/p>\n\n\n\n<figure class=\"wp-block-image size-large\"><img loading=\"lazy\" width=\"1024\" height=\"1024\" src=\"https:\/\/shop.crenali.de\/blog\/wp-content\/uploads\/2021\/01\/FaserGefluester-Kamel-Crenali-handmade-Blog-Crenalis-Klartext-Detail-1024x1024.png\" alt=\"Kamel-Kamelhaar-Kamelwolle-Kamel-als-Garnlieferant\" class=\"wp-image-242\" srcset=\"https:\/\/shop.crenali.de\/blog\/wp-content\/uploads\/2021\/01\/FaserGefluester-Kamel-Crenali-handmade-Blog-Crenalis-Klartext-Detail-1024x1024.png 1024w, https:\/\/shop.crenali.de\/blog\/wp-content\/uploads\/2021\/01\/FaserGefluester-Kamel-Crenali-handmade-Blog-Crenalis-Klartext-Detail-300x300.png 300w, https:\/\/shop.crenali.de\/blog\/wp-content\/uploads\/2021\/01\/FaserGefluester-Kamel-Crenali-handmade-Blog-Crenalis-Klartext-Detail-150x150.png 150w, https:\/\/shop.crenali.de\/blog\/wp-content\/uploads\/2021\/01\/FaserGefluester-Kamel-Crenali-handmade-Blog-Crenalis-Klartext-Detail-768x768.png 768w, https:\/\/shop.crenali.de\/blog\/wp-content\/uploads\/2021\/01\/FaserGefluester-Kamel-Crenali-handmade-Blog-Crenalis-Klartext-Detail-100x100.png 100w, https:\/\/shop.crenali.de\/blog\/wp-content\/uploads\/2021\/01\/FaserGefluester-Kamel-Crenali-handmade-Blog-Crenalis-Klartext-Detail.png 1080w\" sizes=\"(max-width: 767px) 89vw, (max-width: 1000px) 54vw, (max-width: 1071px) 543px, 580px\" \/><figcaption>Das Kamel &#8211; Lieferant f\u00fcr wundervolle und vielseitige Fasern.<\/figcaption><\/figure>\n\n\n\n<h2><span class=\"ez-toc-section\" id=\"fasergefluester-fasermenge-charakteristik\"><\/span>FaserGefl\u00fcster: Fasermenge &amp; Charakteristik<span class=\"ez-toc-section-end\"><\/span><\/h2>\n\n\n\n<p>Ein Kamelfleece wiegt als Rohfleece zwischen 7,7 und 12,7 Kilogramm. Hiervon werden etwa 2,3-6,8 Kilo f\u00fcr die Garnherstellung verwendet.<\/p>\n\n\n\n<p>Die Stapell\u00e4nge des Kamelhaares liegt bei 30,5-38cm, die Fasern der Garne bei 2,5-12,5cm. Im Schnitt kann man also sagen, dass sie zwischen 2,5-7,5cm lang sind.<\/p>\n\n\n\n<p>Die doppelschichtigen Fasern haben unterschiedliche Prozents\u00e4tze an Schutzhaaren. Hierbei liegt die Feinheit bei erwachsenen Tieren bei durchschnittlich 19-24 Mikron. Die besonders beliebten Baby Kamel Fasern unterscheiden sich hier mit 16-18 Mikron deutlich und sind entsprechend beliebter.<\/p>\n\n\n\n<p>Aufgrund der unterschiedlichen Qualit\u00e4t der Fasern muss (unabh\u00e4ngig davon, ob geschoren oder gesammelt wurde) das Deckhaar und das Unterhaar sorgf\u00e4ltig aussortiert und getrennt werden. Nur so bleibt die hervorragende Qualit\u00e4t erhalten.<\/p>\n\n\n\n<p>Die h\u00e4ufigsten F\u00e4rbungen sind die verschiedenen Braun Nuancen, wobei (wie oben bereits erw\u00e4hnt) auch Grau und Wei\u00df vorkommen, wenngleich deutlich seltener.<\/p>\n\n\n\n<h2><span class=\"ez-toc-section\" id=\"wofuer-kann-ich-kamelwolle-verwenden\"><\/span>Wof\u00fcr kann ich Kamelwolle verwenden?<span class=\"ez-toc-section-end\"><\/span><\/h2>\n\n\n\n<p>Ich pers\u00f6nlich liebe Kamelgarne &#8211; und dabei ist es v\u00f6llig egal, ob f\u00fcr Accessoires oder Pullover und Cardigans. Auf jeden Fall ist es sehr angenehm zu tragen und auch der direkte Hautkontakt wird von den meisten empfindlichen Menschen gut toleriert.<\/p>\n\n\n\n<p>Wenn du nun auch Lust bekommen hast, dein n\u00e4chstes Strickprojekt aus Kamelgarn zu stricken, dann schau am Besten mal im Shop vorbei:<\/p>\n\n\n\n<div class=\"wp-container-2 wp-block-buttons aligncenter\">\n<div class=\"wp-block-button\"><a class=\"wp-block-button__link\" href=\"https:\/\/shop.crenali.de\/de\/bacasi400\/\" target=\"_blank\" rel=\"noreferrer noopener\">Bacasi 400 im Shop<\/a><\/div>\n<\/div>\n\n\n\n<p>Ich freue mich schon auf unser n\u00e4chstes FaserGefl\u00fcster \u2013 wir informieren dich sowohl auf Instagram als auch facebook \u00fcber neue Beitr\u00e4ge \u2013 gerne kannst du uns aber auch einfach direkt hier folgen. <\/p>\n\n\n\n<p>Bis zum n\u00e4chsten Mal,<\/p>\n\n\n\n<p>deine Dorothea<\/p>\n","protected":false},"excerpt":{"rendered":"<p>Im heutigen FaserGefl\u00fcster geht es um ein Tier, das eine meiner liebsten Edelfasern &#8222;produziert&#8220; &#8211; das Kamel. Wundervolle Tiere, die manchmal ein wenig plump wirken. Aber ihre Fasern &#8211; ein kuschelweicher und edler Traum. \u2728 Herkunft und Fakten \u00fcber Kamele Die etwas ungelenk wirkenden gro\u00dfen Tiere mit den zwei H\u00f6ckern stammen aus den Steppen Nordostasiens. &hellip; <\/p>\n<p class=\"link-more\"><a href=\"https:\/\/shop.crenali.de\/blog\/fasergefluester-no-6\/\" class=\"more-link\"><span class=\"screen-reader-text\">\u201eFaserGefl\u00fcster No. 6 &#8211; Das Kamel\u201c<\/span> weiterlesen<\/a><\/p>\n","protected":false},"author":1,"featured_media":0,"comment_status":"open","ping_status":"open","sticky":false,"template":"","format":"standard","meta":[],"categories":[13],"tags":[6,7,123,83],"yoast_head":"<!-- This site is optimized with the Yoast SEO plugin v19.8 - https:\/\/yoast.com\/wordpress\/plugins\/seo\/ -->\n<title>FaserGefl\u00fcster No. 6 - Das Kamel - Crenali handmade bloggt<\/title>\n<meta name=\"description\" content=\"FaserGefl\u00fcster No. 6 - Hier gibt\u00b4s Infos rund um: Kamele | Fasereigenschaften | Verarbeitung. Spannend f\u00fcr Stricker*innen und Spinner*innen!\" \/>\n<meta name=\"robots\" content=\"index, follow, max-snippet:-1, max-image-preview:large, max-video-preview:-1\" \/>\n<link rel=\"canonical\" href=\"https:\/\/shop.crenali.de\/blog\/fasergefluester-no-6\/\" \/>\n<meta property=\"og:locale\" content=\"de_DE\" \/>\n<meta property=\"og:type\" content=\"article\" \/>\n<meta property=\"og:title\" content=\"FaserGefl\u00fcster No. 6 - Das Kamel - Crenali handmade bloggt\" \/>\n<meta property=\"og:description\" content=\"FaserGefl\u00fcster No. 6 - Hier gibt\u00b4s Infos rund um: Kamele | Fasereigenschaften | Verarbeitung. Spannend f\u00fcr Stricker*innen und Spinner*innen!\" \/>\n<meta property=\"og:url\" content=\"https:\/\/shop.crenali.de\/blog\/fasergefluester-no-6\/\" \/>\n<meta property=\"og:site_name\" content=\"Crenali handmade bloggt\" \/>\n<meta property=\"article:publisher\" content=\"https:\/\/www.fb.com\/crenali\" \/>\n<meta property=\"article:author\" content=\"https:\/\/www.facebook.com\/crenali\" \/>\n<meta property=\"article:published_time\" content=\"2021-01-08T18:14:59+00:00\" \/>\n<meta property=\"article:modified_time\" content=\"2021-02-01T17:09:03+00:00\" \/>\n<meta property=\"og:image\" content=\"https:\/\/shop.crenali.de\/blog\/wp-content\/uploads\/2021\/01\/FaserGefluester-Kamel-Crenali-handmade-Blog-Crenalis-Klartext-Uersicht-1024x1024.png\" \/>\n<meta name=\"author\" content=\"Dorothea J. Richter\" \/>\n<meta name=\"twitter:card\" content=\"summary_large_image\" \/>\n<meta name=\"twitter:label1\" content=\"Verfasst von\" \/>\n\t<meta name=\"twitter:data1\" content=\"Dorothea J. Richter\" \/>\n\t<meta name=\"twitter:label2\" content=\"Gesch\u00e4tzte Lesezeit\" \/>\n\t<meta name=\"twitter:data2\" content=\"4 Minuten\" \/>\n<script type=\"application\/ld+json\" class=\"yoast-schema-graph\">{\"@context\":\"https:\/\/schema.org\",\"@graph\":[{\"@type\":\"Article\",\"@id\":\"https:\/\/shop.crenali.de\/blog\/fasergefluester-no-6\/#article\",\"isPartOf\":{\"@id\":\"https:\/\/shop.crenali.de\/blog\/fasergefluester-no-6\/\"},\"author\":{\"name\":\"Dorothea J. Richter\",\"@id\":\"https:\/\/shop.crenali.de\/blog\/#\/schema\/person\/2f9f3e49b300308c8aaf11894b7484af\"},\"headline\":\"FaserGefl\u00fcster No. 6 &#8211; Das Kamel\",\"datePublished\":\"2021-01-08T18:14:59+00:00\",\"dateModified\":\"2021-02-01T17:09:03+00:00\",\"mainEntityOfPage\":{\"@id\":\"https:\/\/shop.crenali.de\/blog\/fasergefluester-no-6\/\"},\"wordCount\":748,\"commentCount\":0,\"publisher\":{\"@id\":\"https:\/\/shop.crenali.de\/blog\/#organization\"},\"keywords\":[\"FaserGefl\u00fcster\",\"Faserkunde\",\"Kamel\",\"Schurwolle\"],\"articleSection\":[\"FaserGefl\u00fcster\"],\"inLanguage\":\"de-DE\",\"potentialAction\":[{\"@type\":\"CommentAction\",\"name\":\"Comment\",\"target\":[\"https:\/\/shop.crenali.de\/blog\/fasergefluester-no-6\/#respond\"]}]},{\"@type\":\"WebPage\",\"@id\":\"https:\/\/shop.crenali.de\/blog\/fasergefluester-no-6\/\",\"url\":\"https:\/\/shop.crenali.de\/blog\/fasergefluester-no-6\/\",\"name\":\"FaserGefl\u00fcster No. 6 - Das Kamel - Crenali handmade bloggt\",\"isPartOf\":{\"@id\":\"https:\/\/shop.crenali.de\/blog\/#website\"},\"datePublished\":\"2021-01-08T18:14:59+00:00\",\"dateModified\":\"2021-02-01T17:09:03+00:00\",\"description\":\"FaserGefl\u00fcster No. 6 - Hier gibt\u00b4s Infos rund um: Kamele | Fasereigenschaften | Verarbeitung. Spannend f\u00fcr Stricker*innen und Spinner*innen!\",\"breadcrumb\":{\"@id\":\"https:\/\/shop.crenali.de\/blog\/fasergefluester-no-6\/#breadcrumb\"},\"inLanguage\":\"de-DE\",\"potentialAction\":[{\"@type\":\"ReadAction\",\"target\":[\"https:\/\/shop.crenali.de\/blog\/fasergefluester-no-6\/\"]}]},{\"@type\":\"BreadcrumbList\",\"@id\":\"https:\/\/shop.crenali.de\/blog\/fasergefluester-no-6\/#breadcrumb\",\"itemListElement\":[{\"@type\":\"ListItem\",\"position\":1,\"name\":\"Startseite\",\"item\":\"https:\/\/shop.crenali.de\/blog\/\"},{\"@type\":\"ListItem\",\"position\":2,\"name\":\"FaserGefl\u00fcster No. 6 &#8211; Das Kamel\"}]},{\"@type\":\"WebSite\",\"@id\":\"https:\/\/shop.crenali.de\/blog\/#website\",\"url\":\"https:\/\/shop.crenali.de\/blog\/\",\"name\":\"Crenali handmade bloggt\",\"description\":\"Jetzt reden wir Klartext!\",\"publisher\":{\"@id\":\"https:\/\/shop.crenali.de\/blog\/#organization\"},\"potentialAction\":[{\"@type\":\"SearchAction\",\"target\":{\"@type\":\"EntryPoint\",\"urlTemplate\":\"https:\/\/shop.crenali.de\/blog\/?s={search_term_string}\"},\"query-input\":\"required name=search_term_string\"}],\"inLanguage\":\"de-DE\"},{\"@type\":\"Organization\",\"@id\":\"https:\/\/shop.crenali.de\/blog\/#organization\",\"name\":\"Crenali handmade\",\"url\":\"https:\/\/shop.crenali.de\/blog\/\",\"sameAs\":[\"https:\/\/www.instagram.com\/creative.natural.living\",\"https:\/\/www.linkedin.com\/in\/crenali\/\",\"https:\/\/www.pinterest.de\/Crenali\/\",\"https:\/\/www.fb.com\/crenali\"],\"logo\":{\"@type\":\"ImageObject\",\"inLanguage\":\"de-DE\",\"@id\":\"https:\/\/shop.crenali.de\/blog\/#\/schema\/logo\/image\/\",\"url\":\"https:\/\/shop.crenali.de\/blog\/wp-content\/uploads\/2020\/05\/cropped-Crenali_Logo-01-2.png\",\"contentUrl\":\"https:\/\/shop.crenali.de\/blog\/wp-content\/uploads\/2020\/05\/cropped-Crenali_Logo-01-2.png\",\"width\":250,\"height\":250,\"caption\":\"Crenali handmade\"},\"image\":{\"@id\":\"https:\/\/shop.crenali.de\/blog\/#\/schema\/logo\/image\/\"}},{\"@type\":\"Person\",\"@id\":\"https:\/\/shop.crenali.de\/blog\/#\/schema\/person\/2f9f3e49b300308c8aaf11894b7484af\",\"name\":\"Dorothea J. Richter\",\"image\":{\"@type\":\"ImageObject\",\"inLanguage\":\"de-DE\",\"@id\":\"https:\/\/shop.crenali.de\/blog\/#\/schema\/person\/image\/\",\"url\":\"https:\/\/secure.gravatar.com\/avatar\/a9859ef6d0982f1955ddcd9d2b0bc32d?s=96&d=mm&r=g\",\"contentUrl\":\"https:\/\/secure.gravatar.com\/avatar\/a9859ef6d0982f1955ddcd9d2b0bc32d?s=96&d=mm&r=g\",\"caption\":\"Dorothea J. Richter\"},\"sameAs\":[\"https:\/\/shop.crenali.de\/blog\",\"https:\/\/www.facebook.com\/crenali\",\"https:\/\/www.instagram.com\/creative.natural.living\"]}]}<\/script>\n<!-- \/ Yoast SEO plugin. -->","yoast_head_json":{"title":"FaserGefl\u00fcster No. 6 - Das Kamel - Crenali handmade bloggt","description":"FaserGefl\u00fcster No. 6 - Hier gibt\u00b4s Infos rund um: Kamele | Fasereigenschaften | Verarbeitung. Spannend f\u00fcr Stricker*innen und Spinner*innen!","robots":{"index":"index","follow":"follow","max-snippet":"max-snippet:-1","max-image-preview":"max-image-preview:large","max-video-preview":"max-video-preview:-1"},"canonical":"https:\/\/shop.crenali.de\/blog\/fasergefluester-no-6\/","og_locale":"de_DE","og_type":"article","og_title":"FaserGefl\u00fcster No. 6 - Das Kamel - Crenali handmade bloggt","og_description":"FaserGefl\u00fcster No. 6 - Hier gibt\u00b4s Infos rund um: Kamele | Fasereigenschaften | Verarbeitung. Spannend f\u00fcr Stricker*innen und Spinner*innen!","og_url":"https:\/\/shop.crenali.de\/blog\/fasergefluester-no-6\/","og_site_name":"Crenali handmade bloggt","article_publisher":"https:\/\/www.fb.com\/crenali","article_author":"https:\/\/www.facebook.com\/crenali","article_published_time":"2021-01-08T18:14:59+00:00","article_modified_time":"2021-02-01T17:09:03+00:00","og_image":[{"url":"https:\/\/shop.crenali.de\/blog\/wp-content\/uploads\/2021\/01\/FaserGefluester-Kamel-Crenali-handmade-Blog-Crenalis-Klartext-Uersicht-1024x1024.png"}],"author":"Dorothea J. Richter","twitter_card":"summary_large_image","twitter_misc":{"Verfasst von":"Dorothea J. Richter","Gesch\u00e4tzte Lesezeit":"4 Minuten"},"schema":{"@context":"https:\/\/schema.org","@graph":[{"@type":"Article","@id":"https:\/\/shop.crenali.de\/blog\/fasergefluester-no-6\/#article","isPartOf":{"@id":"https:\/\/shop.crenali.de\/blog\/fasergefluester-no-6\/"},"author":{"name":"Dorothea J. Richter","@id":"https:\/\/shop.crenali.de\/blog\/#\/schema\/person\/2f9f3e49b300308c8aaf11894b7484af"},"headline":"FaserGefl\u00fcster No. 6 &#8211; Das Kamel","datePublished":"2021-01-08T18:14:59+00:00","dateModified":"2021-02-01T17:09:03+00:00","mainEntityOfPage":{"@id":"https:\/\/shop.crenali.de\/blog\/fasergefluester-no-6\/"},"wordCount":748,"commentCount":0,"publisher":{"@id":"https:\/\/shop.crenali.de\/blog\/#organization"},"keywords":["FaserGefl\u00fcster","Faserkunde","Kamel","Schurwolle"],"articleSection":["FaserGefl\u00fcster"],"inLanguage":"de-DE","potentialAction":[{"@type":"CommentAction","name":"Comment","target":["https:\/\/shop.crenali.de\/blog\/fasergefluester-no-6\/#respond"]}]},{"@type":"WebPage","@id":"https:\/\/shop.crenali.de\/blog\/fasergefluester-no-6\/","url":"https:\/\/shop.crenali.de\/blog\/fasergefluester-no-6\/","name":"FaserGefl\u00fcster No. 6 - Das Kamel - Crenali handmade bloggt","isPartOf":{"@id":"https:\/\/shop.crenali.de\/blog\/#website"},"datePublished":"2021-01-08T18:14:59+00:00","dateModified":"2021-02-01T17:09:03+00:00","description":"FaserGefl\u00fcster No. 6 - Hier gibt\u00b4s Infos rund um: Kamele | Fasereigenschaften | Verarbeitung. Spannend f\u00fcr Stricker*innen und Spinner*innen!","breadcrumb":{"@id":"https:\/\/shop.crenali.de\/blog\/fasergefluester-no-6\/#breadcrumb"},"inLanguage":"de-DE","potentialAction":[{"@type":"ReadAction","target":["https:\/\/shop.crenali.de\/blog\/fasergefluester-no-6\/"]}]},{"@type":"BreadcrumbList","@id":"https:\/\/shop.crenali.de\/blog\/fasergefluester-no-6\/#breadcrumb","itemListElement":[{"@type":"ListItem","position":1,"name":"Startseite","item":"https:\/\/shop.crenali.de\/blog\/"},{"@type":"ListItem","position":2,"name":"FaserGefl\u00fcster No. 6 &#8211; Das Kamel"}]},{"@type":"WebSite","@id":"https:\/\/shop.crenali.de\/blog\/#website","url":"https:\/\/shop.crenali.de\/blog\/","name":"Crenali handmade bloggt","description":"Jetzt reden wir Klartext!","publisher":{"@id":"https:\/\/shop.crenali.de\/blog\/#organization"},"potentialAction":[{"@type":"SearchAction","target":{"@type":"EntryPoint","urlTemplate":"https:\/\/shop.crenali.de\/blog\/?s={search_term_string}"},"query-input":"required name=search_term_string"}],"inLanguage":"de-DE"},{"@type":"Organization","@id":"https:\/\/shop.crenali.de\/blog\/#organization","name":"Crenali handmade","url":"https:\/\/shop.crenali.de\/blog\/","sameAs":["https:\/\/www.instagram.com\/creative.natural.living","https:\/\/www.linkedin.com\/in\/crenali\/","https:\/\/www.pinterest.de\/Crenali\/","https:\/\/www.fb.com\/crenali"],"logo":{"@type":"ImageObject","inLanguage":"de-DE","@id":"https:\/\/shop.crenali.de\/blog\/#\/schema\/logo\/image\/","url":"https:\/\/shop.crenali.de\/blog\/wp-content\/uploads\/2020\/05\/cropped-Crenali_Logo-01-2.png","contentUrl":"https:\/\/shop.crenali.de\/blog\/wp-content\/uploads\/2020\/05\/cropped-Crenali_Logo-01-2.png","width":250,"height":250,"caption":"Crenali handmade"},"image":{"@id":"https:\/\/shop.crenali.de\/blog\/#\/schema\/logo\/image\/"}},{"@type":"Person","@id":"https:\/\/shop.crenali.de\/blog\/#\/schema\/person\/2f9f3e49b300308c8aaf11894b7484af","name":"Dorothea J. Richter","image":{"@type":"ImageObject","inLanguage":"de-DE","@id":"https:\/\/shop.crenali.de\/blog\/#\/schema\/person\/image\/","url":"https:\/\/secure.gravatar.com\/avatar\/a9859ef6d0982f1955ddcd9d2b0bc32d?s=96&d=mm&r=g","contentUrl":"https:\/\/secure.gravatar.com\/avatar\/a9859ef6d0982f1955ddcd9d2b0bc32d?s=96&d=mm&r=g","caption":"Dorothea J. Richter"},"sameAs":["https:\/\/shop.crenali.de\/blog","https:\/\/www.facebook.com\/crenali","https:\/\/www.instagram.com\/creative.natural.living"]}]}},"_links":{"self":[{"href":"https:\/\/shop.crenali.de\/blog\/wp-json\/wp\/v2\/posts\/238"}],"collection":[{"href":"https:\/\/shop.crenali.de\/blog\/wp-json\/wp\/v2\/posts"}],"about":[{"href":"https:\/\/shop.crenali.de\/blog\/wp-json\/wp\/v2\/types\/post"}],"author":[{"embeddable":true,"href":"https:\/\/shop.crenali.de\/blog\/wp-json\/wp\/v2\/users\/1"}],"replies":[{"embeddable":true,"href":"https:\/\/shop.crenali.de\/blog\/wp-json\/wp\/v2\/comments?post=238"}],"version-history":[{"count":2,"href":"https:\/\/shop.crenali.de\/blog\/wp-json\/wp\/v2\/posts\/238\/revisions"}],"predecessor-version":[{"id":349,"href":"https:\/\/shop.crenali.de\/blog\/wp-json\/wp\/v2\/posts\/238\/revisions\/349"}],"wp:attachment":[{"href":"https:\/\/shop.crenali.de\/blog\/wp-json\/wp\/v2\/media?parent=238"}],"wp:term":[{"taxonomy":"category","embeddable":true,"href":"https:\/\/shop.crenali.de\/blog\/wp-json\/wp\/v2\/categories?post=238"},{"taxonomy":"post_tag","embeddable":true,"href":"https:\/\/shop.crenali.de\/blog\/wp-json\/wp\/v2\/tags?post=238"}],"curies":[{"name":"wp","href":"https:\/\/api.w.org\/{rel}","templated":true}]}}