{"id":387,"date":"2021-02-26T16:15:38","date_gmt":"2021-02-26T15:15:38","guid":{"rendered":"https:\/\/shop.crenali.de\/blog\/?p=387"},"modified":"2021-02-26T16:18:21","modified_gmt":"2021-02-26T15:18:21","slug":"winter-bedeutung-und-merkmale","status":"publish","type":"post","link":"https:\/\/shop.crenali.de\/blog\/winter-bedeutung-und-merkmale\/","title":{"rendered":"Winter-Typ | Bedeutung und Merkmale"},"content":{"rendered":"\n<p>Jetzt aber flott! Die ersten warmen Temperaturen deuten sich auf dem Thermometer an, dennoch m\u00f6chte ich dir den Winter-Typ | Bedeutung und Merkmale n\u00e4her bringen.<\/p>\n\n\n\n<div class=\"wp-block-image\"><figure class=\"aligncenter size-large\"><img loading=\"lazy\" width=\"1024\" height=\"1024\" src=\"https:\/\/shop.crenali.de\/blog\/wp-content\/uploads\/2021\/02\/Winter-Typ-Blogpost-Bedeutung-1024x1024.jpg\" alt=\"Der kleine Zwerg hat eine Frage an Crenali Chefin Dorothea.\" class=\"wp-image-388\" srcset=\"https:\/\/shop.crenali.de\/blog\/wp-content\/uploads\/2021\/02\/Winter-Typ-Blogpost-Bedeutung-1024x1024.jpg 1024w, https:\/\/shop.crenali.de\/blog\/wp-content\/uploads\/2021\/02\/Winter-Typ-Blogpost-Bedeutung-300x300.jpg 300w, https:\/\/shop.crenali.de\/blog\/wp-content\/uploads\/2021\/02\/Winter-Typ-Blogpost-Bedeutung-150x150.jpg 150w, https:\/\/shop.crenali.de\/blog\/wp-content\/uploads\/2021\/02\/Winter-Typ-Blogpost-Bedeutung-768x768.jpg 768w, https:\/\/shop.crenali.de\/blog\/wp-content\/uploads\/2021\/02\/Winter-Typ-Blogpost-Bedeutung-100x100.jpg 100w, https:\/\/shop.crenali.de\/blog\/wp-content\/uploads\/2021\/02\/Winter-Typ-Blogpost-Bedeutung.jpg 1080w\" sizes=\"(max-width: 767px) 89vw, (max-width: 1000px) 54vw, (max-width: 1071px) 543px, 580px\" \/><figcaption>Winter &#8211; der Zwerg hat mal wieder eine Frage!<\/figcaption><\/figure><\/div>\n\n\n\n<p>Der Winter ist die kalte Jahreszeit &#8211; im Besten Falle mit Schnee und Abenden mit einer Tasse Tee am Feuer des Kamins.<\/p>\n\n\n\n<p>Einfach mal ein Buch lesen und die kalte Luft drau\u00dfen lassen. H\u00f6chstens dick eingemummelt lockt es einen f\u00fcr die Schneeballschlacht vor die Haust\u00fcre.<\/p>\n\n\n\n<div id=\"ez-toc-container\" class=\"ez-toc-v2_0_34 counter-hierarchy ez-toc-counter ez-toc-light-blue ez-toc-container-direction\">\n<div class=\"ez-toc-title-container\">\n<p class=\"ez-toc-title\">Diese Themen erwarten dich im Blogartikel:<\/p>\n<span class=\"ez-toc-title-toggle\"><\/span><\/div>\n<nav><ul class='ez-toc-list ez-toc-list-level-1'><li class='ez-toc-page-1 ez-toc-heading-level-2'><a class=\"ez-toc-link ez-toc-heading-1\" href=\"https:\/\/shop.crenali.de\/blog\/winter-bedeutung-und-merkmale\/#bedeutung-des-herbstes-definition\" title=\"Bedeutung des Herbstes | Definition\">Bedeutung des Herbstes | Definition<\/a><\/li><li class='ez-toc-page-1 ez-toc-heading-level-2'><a class=\"ez-toc-link ez-toc-heading-2\" href=\"https:\/\/shop.crenali.de\/blog\/winter-bedeutung-und-merkmale\/#winter-typ-was-ist-das\" title=\"Winter-Typ | Was ist das?\">Winter-Typ | Was ist das?<\/a><\/li><li class='ez-toc-page-1 ez-toc-heading-level-2'><a class=\"ez-toc-link ez-toc-heading-3\" href=\"https:\/\/shop.crenali.de\/blog\/winter-bedeutung-und-merkmale\/#merkmale-des-winter-typs\" title=\"Merkmale des Winter-Typs\">Merkmale des Winter-Typs<\/a><\/li><li class='ez-toc-page-1 ez-toc-heading-level-2'><a class=\"ez-toc-link ez-toc-heading-4\" href=\"https:\/\/shop.crenali.de\/blog\/winter-bedeutung-und-merkmale\/#farben-fuer-den-winter-typ\" title=\"Farben f\u00fcr den Winter-Typ\">Farben f\u00fcr den Winter-Typ<\/a><\/li><li class='ez-toc-page-1 ez-toc-heading-level-2'><a class=\"ez-toc-link ez-toc-heading-5\" href=\"https:\/\/shop.crenali.de\/blog\/winter-bedeutung-und-merkmale\/#fazit-der-winter-hat-seinen-ganz-eigenen-flair\" title=\"Fazit: Der Winter hat seinen ganz eigenen Flair!\">Fazit: Der Winter hat seinen ganz eigenen Flair!<\/a><\/li><\/ul><\/nav><\/div>\n<h2><span class=\"ez-toc-section\" id=\"bedeutung-des-herbstes-definition\"><\/span>Bedeutung des Herbstes | Definition<span class=\"ez-toc-section-end\"><\/span><\/h2>\n\n\n\n<p>Wenn man &#8222;Winter&#8220; im W\u00f6rterbuch eingibt, hei\u00dft es: <strong><em>Jahreszeit zwischen Herbst und Fr\u00fchling als k\u00e4lteste Zeit des Jahres<\/em><\/strong><\/p>\n\n\n\n<div class=\"wp-block-image\"><figure class=\"aligncenter size-large\"><img loading=\"lazy\" width=\"1024\" height=\"1024\" src=\"https:\/\/shop.crenali.de\/blog\/wp-content\/uploads\/2021\/02\/Winter-Typ-Blogpost-Was-bedeutet-das-1024x1024.jpg\" alt=\"Der Winter-Typ | Bedeutung und Merkmale\" class=\"wp-image-389\" srcset=\"https:\/\/shop.crenali.de\/blog\/wp-content\/uploads\/2021\/02\/Winter-Typ-Blogpost-Was-bedeutet-das-1024x1024.jpg 1024w, https:\/\/shop.crenali.de\/blog\/wp-content\/uploads\/2021\/02\/Winter-Typ-Blogpost-Was-bedeutet-das-300x300.jpg 300w, https:\/\/shop.crenali.de\/blog\/wp-content\/uploads\/2021\/02\/Winter-Typ-Blogpost-Was-bedeutet-das-150x150.jpg 150w, https:\/\/shop.crenali.de\/blog\/wp-content\/uploads\/2021\/02\/Winter-Typ-Blogpost-Was-bedeutet-das-768x768.jpg 768w, https:\/\/shop.crenali.de\/blog\/wp-content\/uploads\/2021\/02\/Winter-Typ-Blogpost-Was-bedeutet-das-100x100.jpg 100w, https:\/\/shop.crenali.de\/blog\/wp-content\/uploads\/2021\/02\/Winter-Typ-Blogpost-Was-bedeutet-das.jpg 1080w\" sizes=\"(max-width: 767px) 89vw, (max-width: 1000px) 54vw, (max-width: 1071px) 543px, 580px\" \/><figcaption>Die Bedeutung des Winters<\/figcaption><\/figure><\/div>\n\n\n\n<p>F\u00fcr mich bedeutet der Winter vor allem eines: Wir z\u00fcnden das Feuer im Kamin an. Ich mag n\u00e4mlich eines nicht: Kalte F\u00fc\u00dfe. Umso mehr mag ich es allerdings, wenn ich mit einem guten Buch oder meinem Strickzeug im Ohrensessel sitzen kann, w\u00e4hrend das Feuer im Ofen prasselt und der Tee dampfend neben mir steht.<\/p>\n\n\n\n<p>Wenn wir dann allerdings mal dick eingepackt vor die T\u00fcr gehen, geh\u00f6ren Schneeengel, Schneeballschlachten und ausgedehnte Waldspazierg\u00e4nge nat\u00fcrlich genauso zum Winter Programm.<\/p>\n\n\n\n<h2><span class=\"ez-toc-section\" id=\"winter-typ-was-ist-das\"><\/span>Winter-Typ | Was ist das?<span class=\"ez-toc-section-end\"><\/span><\/h2>\n\n\n\n<p>Der Winter-Typ steht f\u00fcr Kontraste und klare Farben: Helle Haut mit dunklen Haaren oder Augen geh\u00f6ren mit zu den Merkmalen. Mir f\u00e4llt dazu spontan Schneewittchen ein, dir auch?<\/p>\n\n\n\n<div class=\"wp-block-image\"><figure class=\"aligncenter size-large\"><img loading=\"lazy\" width=\"1024\" height=\"1024\" src=\"https:\/\/shop.crenali.de\/blog\/wp-content\/uploads\/2021\/02\/Winter-Typ-Blogpost-Was-ist-der-Winter-Typ-1024x1024.jpg\" alt=\"Was ist der Winter-Typ im Detail?\" class=\"wp-image-390\" srcset=\"https:\/\/shop.crenali.de\/blog\/wp-content\/uploads\/2021\/02\/Winter-Typ-Blogpost-Was-ist-der-Winter-Typ-1024x1024.jpg 1024w, https:\/\/shop.crenali.de\/blog\/wp-content\/uploads\/2021\/02\/Winter-Typ-Blogpost-Was-ist-der-Winter-Typ-300x300.jpg 300w, https:\/\/shop.crenali.de\/blog\/wp-content\/uploads\/2021\/02\/Winter-Typ-Blogpost-Was-ist-der-Winter-Typ-150x150.jpg 150w, https:\/\/shop.crenali.de\/blog\/wp-content\/uploads\/2021\/02\/Winter-Typ-Blogpost-Was-ist-der-Winter-Typ-768x768.jpg 768w, https:\/\/shop.crenali.de\/blog\/wp-content\/uploads\/2021\/02\/Winter-Typ-Blogpost-Was-ist-der-Winter-Typ-100x100.jpg 100w, https:\/\/shop.crenali.de\/blog\/wp-content\/uploads\/2021\/02\/Winter-Typ-Blogpost-Was-ist-der-Winter-Typ.jpg 1080w\" sizes=\"(max-width: 767px) 89vw, (max-width: 1000px) 54vw, (max-width: 1071px) 543px, 580px\" \/><figcaption>Was ist der Winter-Typ?<\/figcaption><\/figure><\/div>\n\n\n\n<p>Lass uns gemeinsam mal anschauen, wie sich die Merkmale des Winter-Typs im Detail zusammensetzen.<\/p>\n\n\n\n<h2><span class=\"ez-toc-section\" id=\"merkmale-des-winter-typs\"><\/span>Merkmale des Winter-Typs<span class=\"ez-toc-section-end\"><\/span><\/h2>\n\n\n\n<p>Der <strong>Teint<\/strong> hat k\u00fchle bl\u00e4uliche oder k\u00fchl olivefarbene Untert\u00f6ne. Man k\u00f6nnte manchmal fast meinen, die Haut sei durchsichtig.<\/p>\n\n\n\n<p>Die <strong>Augen<\/strong> hingegen sind klar definiert und werden von deutlichen Augenbrauen betont.<\/p>\n\n\n\n<p>Wenn wir die <strong>Haarfarbe<\/strong> betrachten, finden wir oft schwarz und dunkelbraun, aber auch aschblond und mittelbraun. Ungef\u00e4rbt, versteht sich.<\/p>\n\n\n\n<h2><span class=\"ez-toc-section\" id=\"farben-fuer-den-winter-typ\"><\/span>Farben f\u00fcr den Winter-Typ<span class=\"ez-toc-section-end\"><\/span><\/h2>\n\n\n\n<p>Die Farb- und Stilberatung hat nat\u00fcrlich auch f\u00fcr den Winter-Typ einige Farben in petto, die super zu Teint und Co. harmonieren.<\/p>\n\n\n\n<div class=\"wp-block-image\"><figure class=\"aligncenter size-large\"><img loading=\"lazy\" width=\"1024\" height=\"1024\" src=\"https:\/\/shop.crenali.de\/blog\/wp-content\/uploads\/2021\/02\/Winter-Typ-Blogpost-Farben-1024x1024.jpg\" alt=\"Typische Winterfarben aus der Farbpallette.\" class=\"wp-image-391\" srcset=\"https:\/\/shop.crenali.de\/blog\/wp-content\/uploads\/2021\/02\/Winter-Typ-Blogpost-Farben-1024x1024.jpg 1024w, https:\/\/shop.crenali.de\/blog\/wp-content\/uploads\/2021\/02\/Winter-Typ-Blogpost-Farben-300x300.jpg 300w, https:\/\/shop.crenali.de\/blog\/wp-content\/uploads\/2021\/02\/Winter-Typ-Blogpost-Farben-150x150.jpg 150w, https:\/\/shop.crenali.de\/blog\/wp-content\/uploads\/2021\/02\/Winter-Typ-Blogpost-Farben-768x768.jpg 768w, https:\/\/shop.crenali.de\/blog\/wp-content\/uploads\/2021\/02\/Winter-Typ-Blogpost-Farben-100x100.jpg 100w, https:\/\/shop.crenali.de\/blog\/wp-content\/uploads\/2021\/02\/Winter-Typ-Blogpost-Farben.jpg 1080w\" sizes=\"(max-width: 767px) 89vw, (max-width: 1000px) 54vw, (max-width: 1071px) 543px, 580px\" \/><figcaption>Typische Winterfarben<\/figcaption><\/figure><\/div>\n\n\n\n<p>Durch die starken Kontraste im Gesicht des Winter-Typs sind besonders leuchtende und kr\u00e4ftige Farben geeignet. Einzige Voraussetzung: Sie sollten aus der k\u00fchlen Farbpallette stammen.<\/p>\n\n\n\n<p>Genau diese Kontraste machen diesen Typen aus und unterstreichen das eher markante und auffallende Erscheinungsbild.<\/p>\n\n\n\n<h2><span class=\"ez-toc-section\" id=\"fazit-der-winter-hat-seinen-ganz-eigenen-flair\"><\/span>Fazit: Der Winter hat seinen ganz eigenen Flair!<span class=\"ez-toc-section-end\"><\/span><\/h2>\n\n\n\n<p>Auch wenn mir die kalten Temperaturen nicht sonderlich liegen, Schnee und Tee geh\u00f6ren einfach dazu. Im Winter ist immerhin auch die Zeit, in der am meisten gestrickt wird und Wolle in allen Formen zeigen darf, welche tollen Eigenschaften sie hat.<\/p>\n\n\n\n<p>Wenn du mal im Shop st\u00f6bern m\u00f6chtest, dann schaue einfach mal hier:<\/p>\n\n\n\n<div class=\"wp-container-1 wp-block-buttons aligncenter\">\n<div class=\"wp-block-button\"><a class=\"wp-block-button__link\" href=\"https:\/\/shop.crenali.de\" target=\"_blank\" rel=\"noreferrer noopener\">OnlineShop<\/a><\/div>\n<\/div>\n\n\n\n<div class=\"wp-block-image\"><figure class=\"aligncenter size-large\"><img loading=\"lazy\" width=\"1024\" height=\"1024\" src=\"https:\/\/shop.crenali.de\/blog\/wp-content\/uploads\/2021\/02\/Winter-Typ-Blogpost-Zwerg-1024x1024.jpg\" alt=\"Bis bald, kleiner Zwerg.\" class=\"wp-image-392\" srcset=\"https:\/\/shop.crenali.de\/blog\/wp-content\/uploads\/2021\/02\/Winter-Typ-Blogpost-Zwerg-1024x1024.jpg 1024w, https:\/\/shop.crenali.de\/blog\/wp-content\/uploads\/2021\/02\/Winter-Typ-Blogpost-Zwerg-300x300.jpg 300w, https:\/\/shop.crenali.de\/blog\/wp-content\/uploads\/2021\/02\/Winter-Typ-Blogpost-Zwerg-150x150.jpg 150w, https:\/\/shop.crenali.de\/blog\/wp-content\/uploads\/2021\/02\/Winter-Typ-Blogpost-Zwerg-768x768.jpg 768w, https:\/\/shop.crenali.de\/blog\/wp-content\/uploads\/2021\/02\/Winter-Typ-Blogpost-Zwerg-100x100.jpg 100w, https:\/\/shop.crenali.de\/blog\/wp-content\/uploads\/2021\/02\/Winter-Typ-Blogpost-Zwerg.jpg 1080w\" sizes=\"(max-width: 767px) 89vw, (max-width: 1000px) 54vw, (max-width: 1071px) 543px, 580px\" \/><figcaption>Der Zwerg verschwindet zum Winterschlaf.<\/figcaption><\/figure><\/div>\n\n\n\n<p>Ich freue mich nun gedanklich bereits auf den Fr\u00fchling, das ist auch eine besondere Jahreszeit, oder?<\/p>\n\n\n\n<p>Bis dahin genie\u00dfe ich jedoch noch die W\u00e4rme meiner Kuscheldecke und stricke weiter an den StrickProjekten, die noch so auf mich warten.<\/p>\n\n\n\n<p>Bis zum n\u00e4chsten Beitrag und bleib gesund!<\/p>\n","protected":false},"excerpt":{"rendered":"<p>Jetzt aber flott! Die ersten warmen Temperaturen deuten sich auf dem Thermometer an, dennoch m\u00f6chte ich dir den Winter-Typ | Bedeutung und Merkmale n\u00e4her bringen. Der Winter ist die kalte Jahreszeit &#8211; im Besten Falle mit Schnee und Abenden mit einer Tasse Tee am Feuer des Kamins. Einfach mal ein Buch lesen und die kalte &hellip; <\/p>\n<p class=\"link-more\"><a href=\"https:\/\/shop.crenali.de\/blog\/winter-bedeutung-und-merkmale\/\" class=\"more-link\"><span class=\"screen-reader-text\">\u201eWinter-Typ | Bedeutung und Merkmale\u201c<\/span> weiterlesen<\/a><\/p>\n","protected":false},"author":1,"featured_media":0,"comment_status":"open","ping_status":"open","sticky":false,"template":"","format":"standard","meta":[],"categories":[1],"tags":[49,47,136,137],"yoast_head":"<!-- This site is optimized with the Yoast SEO plugin v19.8 - https:\/\/yoast.com\/wordpress\/plugins\/seo\/ -->\n<title>Winter-Typ | Bedeutung und Merkmale - Crenali handmade bloggt<\/title>\n<meta name=\"description\" content=\"Verschiedene Typen unterschieden in Jahreszeiten | Der Winter mit seinen Farben aufgeschl\u00fcsselt auf den Winter-Typ | Bedeutung und Merkmale\" \/>\n<meta name=\"robots\" content=\"index, follow, max-snippet:-1, max-image-preview:large, max-video-preview:-1\" \/>\n<link rel=\"canonical\" href=\"https:\/\/shop.crenali.de\/blog\/winter-bedeutung-und-merkmale\/\" \/>\n<meta property=\"og:locale\" content=\"de_DE\" \/>\n<meta property=\"og:type\" content=\"article\" \/>\n<meta property=\"og:title\" content=\"Winter-Typ | Bedeutung und Merkmale - Crenali handmade bloggt\" \/>\n<meta property=\"og:description\" content=\"Verschiedene Typen unterschieden in Jahreszeiten | Der Winter mit seinen Farben aufgeschl\u00fcsselt auf den Winter-Typ | Bedeutung und Merkmale\" \/>\n<meta property=\"og:url\" content=\"https:\/\/shop.crenali.de\/blog\/winter-bedeutung-und-merkmale\/\" \/>\n<meta property=\"og:site_name\" content=\"Crenali handmade bloggt\" \/>\n<meta property=\"article:publisher\" content=\"https:\/\/www.fb.com\/crenali\" \/>\n<meta property=\"article:author\" content=\"https:\/\/www.facebook.com\/crenali\" \/>\n<meta property=\"article:published_time\" content=\"2021-02-26T15:15:38+00:00\" \/>\n<meta property=\"article:modified_time\" content=\"2021-02-26T15:18:21+00:00\" \/>\n<meta property=\"og:image\" content=\"https:\/\/shop.crenali.de\/blog\/wp-content\/uploads\/2021\/02\/Winter-Typ-Blogpost-Bedeutung-1024x1024.jpg\" \/>\n<meta name=\"author\" content=\"Dorothea J. Richter\" \/>\n<meta name=\"twitter:card\" content=\"summary_large_image\" \/>\n<meta name=\"twitter:label1\" content=\"Verfasst von\" \/>\n\t<meta name=\"twitter:data1\" content=\"Dorothea J. Richter\" \/>\n\t<meta name=\"twitter:label2\" content=\"Gesch\u00e4tzte Lesezeit\" \/>\n\t<meta name=\"twitter:data2\" content=\"4 Minuten\" \/>\n<script type=\"application\/ld+json\" class=\"yoast-schema-graph\">{\"@context\":\"https:\/\/schema.org\",\"@graph\":[{\"@type\":\"Article\",\"@id\":\"https:\/\/shop.crenali.de\/blog\/winter-bedeutung-und-merkmale\/#article\",\"isPartOf\":{\"@id\":\"https:\/\/shop.crenali.de\/blog\/winter-bedeutung-und-merkmale\/\"},\"author\":{\"name\":\"Dorothea J. Richter\",\"@id\":\"https:\/\/shop.crenali.de\/blog\/#\/schema\/person\/2f9f3e49b300308c8aaf11894b7484af\"},\"headline\":\"Winter-Typ | Bedeutung und Merkmale\",\"datePublished\":\"2021-02-26T15:15:38+00:00\",\"dateModified\":\"2021-02-26T15:18:21+00:00\",\"mainEntityOfPage\":{\"@id\":\"https:\/\/shop.crenali.de\/blog\/winter-bedeutung-und-merkmale\/\"},\"wordCount\":503,\"commentCount\":1,\"publisher\":{\"@id\":\"https:\/\/shop.crenali.de\/blog\/#organization\"},\"keywords\":[\"Farben\",\"Farbtypen\",\"Winter\",\"Wintertyp\"],\"inLanguage\":\"de-DE\",\"potentialAction\":[{\"@type\":\"CommentAction\",\"name\":\"Comment\",\"target\":[\"https:\/\/shop.crenali.de\/blog\/winter-bedeutung-und-merkmale\/#respond\"]}]},{\"@type\":\"WebPage\",\"@id\":\"https:\/\/shop.crenali.de\/blog\/winter-bedeutung-und-merkmale\/\",\"url\":\"https:\/\/shop.crenali.de\/blog\/winter-bedeutung-und-merkmale\/\",\"name\":\"Winter-Typ | Bedeutung und Merkmale - Crenali handmade bloggt\",\"isPartOf\":{\"@id\":\"https:\/\/shop.crenali.de\/blog\/#website\"},\"datePublished\":\"2021-02-26T15:15:38+00:00\",\"dateModified\":\"2021-02-26T15:18:21+00:00\",\"description\":\"Verschiedene Typen unterschieden in Jahreszeiten | Der Winter mit seinen Farben aufgeschl\u00fcsselt auf den Winter-Typ | Bedeutung und Merkmale\",\"breadcrumb\":{\"@id\":\"https:\/\/shop.crenali.de\/blog\/winter-bedeutung-und-merkmale\/#breadcrumb\"},\"inLanguage\":\"de-DE\",\"potentialAction\":[{\"@type\":\"ReadAction\",\"target\":[\"https:\/\/shop.crenali.de\/blog\/winter-bedeutung-und-merkmale\/\"]}]},{\"@type\":\"BreadcrumbList\",\"@id\":\"https:\/\/shop.crenali.de\/blog\/winter-bedeutung-und-merkmale\/#breadcrumb\",\"itemListElement\":[{\"@type\":\"ListItem\",\"position\":1,\"name\":\"Startseite\",\"item\":\"https:\/\/shop.crenali.de\/blog\/\"},{\"@type\":\"ListItem\",\"position\":2,\"name\":\"Winter-Typ | Bedeutung und Merkmale\"}]},{\"@type\":\"WebSite\",\"@id\":\"https:\/\/shop.crenali.de\/blog\/#website\",\"url\":\"https:\/\/shop.crenali.de\/blog\/\",\"name\":\"Crenali handmade bloggt\",\"description\":\"Jetzt reden wir Klartext!\",\"publisher\":{\"@id\":\"https:\/\/shop.crenali.de\/blog\/#organization\"},\"potentialAction\":[{\"@type\":\"SearchAction\",\"target\":{\"@type\":\"EntryPoint\",\"urlTemplate\":\"https:\/\/shop.crenali.de\/blog\/?s={search_term_string}\"},\"query-input\":\"required name=search_term_string\"}],\"inLanguage\":\"de-DE\"},{\"@type\":\"Organization\",\"@id\":\"https:\/\/shop.crenali.de\/blog\/#organization\",\"name\":\"Crenali handmade\",\"url\":\"https:\/\/shop.crenali.de\/blog\/\",\"sameAs\":[\"https:\/\/www.instagram.com\/creative.natural.living\",\"https:\/\/www.linkedin.com\/in\/crenali\/\",\"https:\/\/www.pinterest.de\/Crenali\/\",\"https:\/\/www.fb.com\/crenali\"],\"logo\":{\"@type\":\"ImageObject\",\"inLanguage\":\"de-DE\",\"@id\":\"https:\/\/shop.crenali.de\/blog\/#\/schema\/logo\/image\/\",\"url\":\"https:\/\/shop.crenali.de\/blog\/wp-content\/uploads\/2020\/05\/cropped-Crenali_Logo-01-2.png\",\"contentUrl\":\"https:\/\/shop.crenali.de\/blog\/wp-content\/uploads\/2020\/05\/cropped-Crenali_Logo-01-2.png\",\"width\":250,\"height\":250,\"caption\":\"Crenali handmade\"},\"image\":{\"@id\":\"https:\/\/shop.crenali.de\/blog\/#\/schema\/logo\/image\/\"}},{\"@type\":\"Person\",\"@id\":\"https:\/\/shop.crenali.de\/blog\/#\/schema\/person\/2f9f3e49b300308c8aaf11894b7484af\",\"name\":\"Dorothea J. Richter\",\"image\":{\"@type\":\"ImageObject\",\"inLanguage\":\"de-DE\",\"@id\":\"https:\/\/shop.crenali.de\/blog\/#\/schema\/person\/image\/\",\"url\":\"https:\/\/secure.gravatar.com\/avatar\/a9859ef6d0982f1955ddcd9d2b0bc32d?s=96&d=mm&r=g\",\"contentUrl\":\"https:\/\/secure.gravatar.com\/avatar\/a9859ef6d0982f1955ddcd9d2b0bc32d?s=96&d=mm&r=g\",\"caption\":\"Dorothea J. Richter\"},\"sameAs\":[\"https:\/\/shop.crenali.de\/blog\",\"https:\/\/www.facebook.com\/crenali\",\"https:\/\/www.instagram.com\/creative.natural.living\"]}]}<\/script>\n<!-- \/ Yoast SEO plugin. -->","yoast_head_json":{"title":"Winter-Typ | Bedeutung und Merkmale - Crenali handmade bloggt","description":"Verschiedene Typen unterschieden in Jahreszeiten | Der Winter mit seinen Farben aufgeschl\u00fcsselt auf den Winter-Typ | Bedeutung und Merkmale","robots":{"index":"index","follow":"follow","max-snippet":"max-snippet:-1","max-image-preview":"max-image-preview:large","max-video-preview":"max-video-preview:-1"},"canonical":"https:\/\/shop.crenali.de\/blog\/winter-bedeutung-und-merkmale\/","og_locale":"de_DE","og_type":"article","og_title":"Winter-Typ | Bedeutung und Merkmale - Crenali handmade bloggt","og_description":"Verschiedene Typen unterschieden in Jahreszeiten | Der Winter mit seinen Farben aufgeschl\u00fcsselt auf den Winter-Typ | Bedeutung und Merkmale","og_url":"https:\/\/shop.crenali.de\/blog\/winter-bedeutung-und-merkmale\/","og_site_name":"Crenali handmade bloggt","article_publisher":"https:\/\/www.fb.com\/crenali","article_author":"https:\/\/www.facebook.com\/crenali","article_published_time":"2021-02-26T15:15:38+00:00","article_modified_time":"2021-02-26T15:18:21+00:00","og_image":[{"url":"https:\/\/shop.crenali.de\/blog\/wp-content\/uploads\/2021\/02\/Winter-Typ-Blogpost-Bedeutung-1024x1024.jpg"}],"author":"Dorothea J. Richter","twitter_card":"summary_large_image","twitter_misc":{"Verfasst von":"Dorothea J. Richter","Gesch\u00e4tzte Lesezeit":"4 Minuten"},"schema":{"@context":"https:\/\/schema.org","@graph":[{"@type":"Article","@id":"https:\/\/shop.crenali.de\/blog\/winter-bedeutung-und-merkmale\/#article","isPartOf":{"@id":"https:\/\/shop.crenali.de\/blog\/winter-bedeutung-und-merkmale\/"},"author":{"name":"Dorothea J. Richter","@id":"https:\/\/shop.crenali.de\/blog\/#\/schema\/person\/2f9f3e49b300308c8aaf11894b7484af"},"headline":"Winter-Typ | Bedeutung und Merkmale","datePublished":"2021-02-26T15:15:38+00:00","dateModified":"2021-02-26T15:18:21+00:00","mainEntityOfPage":{"@id":"https:\/\/shop.crenali.de\/blog\/winter-bedeutung-und-merkmale\/"},"wordCount":503,"commentCount":1,"publisher":{"@id":"https:\/\/shop.crenali.de\/blog\/#organization"},"keywords":["Farben","Farbtypen","Winter","Wintertyp"],"inLanguage":"de-DE","potentialAction":[{"@type":"CommentAction","name":"Comment","target":["https:\/\/shop.crenali.de\/blog\/winter-bedeutung-und-merkmale\/#respond"]}]},{"@type":"WebPage","@id":"https:\/\/shop.crenali.de\/blog\/winter-bedeutung-und-merkmale\/","url":"https:\/\/shop.crenali.de\/blog\/winter-bedeutung-und-merkmale\/","name":"Winter-Typ | Bedeutung und Merkmale - Crenali handmade bloggt","isPartOf":{"@id":"https:\/\/shop.crenali.de\/blog\/#website"},"datePublished":"2021-02-26T15:15:38+00:00","dateModified":"2021-02-26T15:18:21+00:00","description":"Verschiedene Typen unterschieden in Jahreszeiten | Der Winter mit seinen Farben aufgeschl\u00fcsselt auf den Winter-Typ | Bedeutung und Merkmale","breadcrumb":{"@id":"https:\/\/shop.crenali.de\/blog\/winter-bedeutung-und-merkmale\/#breadcrumb"},"inLanguage":"de-DE","potentialAction":[{"@type":"ReadAction","target":["https:\/\/shop.crenali.de\/blog\/winter-bedeutung-und-merkmale\/"]}]},{"@type":"BreadcrumbList","@id":"https:\/\/shop.crenali.de\/blog\/winter-bedeutung-und-merkmale\/#breadcrumb","itemListElement":[{"@type":"ListItem","position":1,"name":"Startseite","item":"https:\/\/shop.crenali.de\/blog\/"},{"@type":"ListItem","position":2,"name":"Winter-Typ | Bedeutung und Merkmale"}]},{"@type":"WebSite","@id":"https:\/\/shop.crenali.de\/blog\/#website","url":"https:\/\/shop.crenali.de\/blog\/","name":"Crenali handmade bloggt","description":"Jetzt reden wir Klartext!","publisher":{"@id":"https:\/\/shop.crenali.de\/blog\/#organization"},"potentialAction":[{"@type":"SearchAction","target":{"@type":"EntryPoint","urlTemplate":"https:\/\/shop.crenali.de\/blog\/?s={search_term_string}"},"query-input":"required name=search_term_string"}],"inLanguage":"de-DE"},{"@type":"Organization","@id":"https:\/\/shop.crenali.de\/blog\/#organization","name":"Crenali handmade","url":"https:\/\/shop.crenali.de\/blog\/","sameAs":["https:\/\/www.instagram.com\/creative.natural.living","https:\/\/www.linkedin.com\/in\/crenali\/","https:\/\/www.pinterest.de\/Crenali\/","https:\/\/www.fb.com\/crenali"],"logo":{"@type":"ImageObject","inLanguage":"de-DE","@id":"https:\/\/shop.crenali.de\/blog\/#\/schema\/logo\/image\/","url":"https:\/\/shop.crenali.de\/blog\/wp-content\/uploads\/2020\/05\/cropped-Crenali_Logo-01-2.png","contentUrl":"https:\/\/shop.crenali.de\/blog\/wp-content\/uploads\/2020\/05\/cropped-Crenali_Logo-01-2.png","width":250,"height":250,"caption":"Crenali handmade"},"image":{"@id":"https:\/\/shop.crenali.de\/blog\/#\/schema\/logo\/image\/"}},{"@type":"Person","@id":"https:\/\/shop.crenali.de\/blog\/#\/schema\/person\/2f9f3e49b300308c8aaf11894b7484af","name":"Dorothea J. Richter","image":{"@type":"ImageObject","inLanguage":"de-DE","@id":"https:\/\/shop.crenali.de\/blog\/#\/schema\/person\/image\/","url":"https:\/\/secure.gravatar.com\/avatar\/a9859ef6d0982f1955ddcd9d2b0bc32d?s=96&d=mm&r=g","contentUrl":"https:\/\/secure.gravatar.com\/avatar\/a9859ef6d0982f1955ddcd9d2b0bc32d?s=96&d=mm&r=g","caption":"Dorothea J. Richter"},"sameAs":["https:\/\/shop.crenali.de\/blog","https:\/\/www.facebook.com\/crenali","https:\/\/www.instagram.com\/creative.natural.living"]}]}},"_links":{"self":[{"href":"https:\/\/shop.crenali.de\/blog\/wp-json\/wp\/v2\/posts\/387"}],"collection":[{"href":"https:\/\/shop.crenali.de\/blog\/wp-json\/wp\/v2\/posts"}],"about":[{"href":"https:\/\/shop.crenali.de\/blog\/wp-json\/wp\/v2\/types\/post"}],"author":[{"embeddable":true,"href":"https:\/\/shop.crenali.de\/blog\/wp-json\/wp\/v2\/users\/1"}],"replies":[{"embeddable":true,"href":"https:\/\/shop.crenali.de\/blog\/wp-json\/wp\/v2\/comments?post=387"}],"version-history":[{"count":1,"href":"https:\/\/shop.crenali.de\/blog\/wp-json\/wp\/v2\/posts\/387\/revisions"}],"predecessor-version":[{"id":393,"href":"https:\/\/shop.crenali.de\/blog\/wp-json\/wp\/v2\/posts\/387\/revisions\/393"}],"wp:attachment":[{"href":"https:\/\/shop.crenali.de\/blog\/wp-json\/wp\/v2\/media?parent=387"}],"wp:term":[{"taxonomy":"category","embeddable":true,"href":"https:\/\/shop.crenali.de\/blog\/wp-json\/wp\/v2\/categories?post=387"},{"taxonomy":"post_tag","embeddable":true,"href":"https:\/\/shop.crenali.de\/blog\/wp-json\/wp\/v2\/tags?post=387"}],"curies":[{"name":"wp","href":"https:\/\/api.w.org\/{rel}","templated":true}]}}