{"id":72,"date":"2020-05-29T15:59:00","date_gmt":"2020-05-29T13:59:00","guid":{"rendered":"https:\/\/shop.crenali.de\/blog\/?p=72"},"modified":"2021-02-01T18:15:09","modified_gmt":"2021-02-01T17:15:09","slug":"fasergefluester-no-2-shetland-schafe","status":"publish","type":"post","link":"https:\/\/shop.crenali.de\/blog\/fasergefluester-no-2-shetland-schafe\/","title":{"rendered":"FaserGefl\u00fcster No 2 &#8211; Shetland Schafe"},"content":{"rendered":"\n<p>Es ist wieder so weit, das neue Fasergefl\u00fcster No 2 steht vor der T\u00fcr \ud83e\udd17<\/p>\n\n\n\n<p>Unsere Themenreihe #FaserGefl\u00fcster wird heute um eine neue Faser bzw. um ein neues Tier erg\u00e4nzt. Wobei neu ist eigentlich falsch, denn die Faser ist alles andere als neu, sondern eher altbekannt. Aber lies selbst. \ud83d\ude09<\/p>\n\n\n\n<figure class=\"wp-block-image size-large\"><img loading=\"lazy\" width=\"1024\" height=\"1024\" src=\"https:\/\/shop.crenali.de\/blog\/wp-content\/uploads\/2020\/05\/1-2-1024x1024.png\" alt=\"FaserGefl\u00fcster No 2 - Das Shetland Schaf\" class=\"wp-image-75\" srcset=\"https:\/\/shop.crenali.de\/blog\/wp-content\/uploads\/2020\/05\/1-2-1024x1024.png 1024w, https:\/\/shop.crenali.de\/blog\/wp-content\/uploads\/2020\/05\/1-2-300x300.png 300w, https:\/\/shop.crenali.de\/blog\/wp-content\/uploads\/2020\/05\/1-2-150x150.png 150w, https:\/\/shop.crenali.de\/blog\/wp-content\/uploads\/2020\/05\/1-2-768x768.png 768w, https:\/\/shop.crenali.de\/blog\/wp-content\/uploads\/2020\/05\/1-2-100x100.png 100w, https:\/\/shop.crenali.de\/blog\/wp-content\/uploads\/2020\/05\/1-2.png 1080w\" sizes=\"(max-width: 767px) 89vw, (max-width: 1000px) 54vw, (max-width: 1071px) 543px, 580px\" \/><\/figure>\n\n\n\n<!--more-->\n\n\n\n<div id=\"ez-toc-container\" class=\"ez-toc-v2_0_34 counter-hierarchy ez-toc-counter ez-toc-light-blue ez-toc-container-direction\">\n<div class=\"ez-toc-title-container\">\n<p class=\"ez-toc-title\">Diese Themen erwarten dich im Blogartikel:<\/p>\n<span class=\"ez-toc-title-toggle\"><\/span><\/div>\n<nav><ul class='ez-toc-list ez-toc-list-level-1'><li class='ez-toc-page-1 ez-toc-heading-level-2'><a class=\"ez-toc-link ez-toc-heading-1\" href=\"https:\/\/shop.crenali.de\/blog\/fasergefluester-no-2-shetland-schafe\/#die-reise-im-dyersecret-no-2-fuehrt-uns-nach-europa\" title=\"Die Reise im DyerSecret No 2 f\u00fchrt uns nach Europa\">Die Reise im DyerSecret No 2 f\u00fchrt uns nach Europa<\/a><\/li><li class='ez-toc-page-1 ez-toc-heading-level-2'><a class=\"ez-toc-link ez-toc-heading-2\" href=\"https:\/\/shop.crenali.de\/blog\/fasergefluester-no-2-shetland-schafe\/#welche-fellfarben-gibt-es\" title=\"Welche Fellfarben gibt es?\">Welche Fellfarben gibt es?<\/a><\/li><li class='ez-toc-page-1 ez-toc-heading-level-2'><a class=\"ez-toc-link ez-toc-heading-3\" href=\"https:\/\/shop.crenali.de\/blog\/fasergefluester-no-2-shetland-schafe\/#welche-eigenschaften-bietet-die-faser\" title=\"Welche Eigenschaften  bietet die Faser?\">Welche Eigenschaften  bietet die Faser?<\/a><\/li><li class='ez-toc-page-1 ez-toc-heading-level-2'><a class=\"ez-toc-link ez-toc-heading-4\" href=\"https:\/\/shop.crenali.de\/blog\/fasergefluester-no-2-shetland-schafe\/#fasermenge-charakteristik-die-kernthemen-des-fasergefluester-no-2\" title=\"Fasermenge &amp; Charakteristik &#8211; die Kernthemen des FaserGefl\u00fcster No 2\">Fasermenge &amp; Charakteristik &#8211; die Kernthemen des FaserGefl\u00fcster No 2<\/a><ul class='ez-toc-list-level-3'><li class='ez-toc-heading-level-3'><a class=\"ez-toc-link ez-toc-heading-5\" href=\"https:\/\/shop.crenali.de\/blog\/fasergefluester-no-2-shetland-schafe\/#faserlaenge-und-feinheit\" title=\"Faserl\u00e4nge und Feinheit\">Faserl\u00e4nge und Feinheit<\/a><\/li><li class='ez-toc-page-1 ez-toc-heading-level-3'><a class=\"ez-toc-link ez-toc-heading-6\" href=\"https:\/\/shop.crenali.de\/blog\/fasergefluester-no-2-shetland-schafe\/#farben\" title=\"Farben\">Farben<\/a><\/li><\/ul><\/li><\/ul><\/nav><\/div>\n<h2><span class=\"ez-toc-section\" id=\"die-reise-im-dyersecret-no-2-fuehrt-uns-nach-europa\"><\/span>Die Reise im DyerSecret No 2 f\u00fchrt uns nach Europa<span class=\"ez-toc-section-end\"><\/span><\/h2>\n\n\n\n<p>Heute begeben wir uns nach Europa, genauer auf britische Inseln ganz im Norden Gro\u00dfbritanniens: Die Shetland Inseln.<\/p>\n\n\n\n<p>Diese Inseln sind das Zuhause sowie die Namensgeber der heutigen Schafrasse &#8211; den Shetland Schafen.<\/p>\n\n\n\n<p>Wusstest du, dass es mehr als 100 Inseln sind, die sich auf dem selben Breitengrad tummeln wie Alaska? Au\u00dferdem werden nur ca. 15 Inseln von Menschen bewohnt. Auf einigen der restlichen Inseln leben Shetland Schafe und Ponies.<\/p>\n\n\n\n<p>Die Umgebung ist rau &#8211; nichts desto trotz k\u00f6nnen die Shetland Schafe dort wunderbar leben, denn sie haben sich dort \u00fcber einen seeeeehr langen Zeitraum angepasst. So etwa 1.000 Jahre. Krass, oder?<\/p>\n\n\n\n<h2><span class=\"ez-toc-section\" id=\"welche-fellfarben-gibt-es\"><\/span>Welche Fellfarben gibt es?<span class=\"ez-toc-section-end\"><\/span><\/h2>\n\n\n\n<p>Bewundernswert ist die Farbvielfalt, die es unter den Shetland Schafen gibt. Es gibt sage und schreibe 11 definierte Farben!<\/p>\n\n\n\n<p>Von klassischem wei\u00df oder schwarz findest du verschiedene Grau-, Braun- und Beigevariationen. <\/p>\n\n\n\n<p>Allerdings sind einige Farben inzwischen durchaus bedroht. Zum Gl\u00fcck haben sich einige Z\u00fcchter dessen angenommen und versuchen die Farben weiterhin in ihrer Zucht zu erhalten und so die Vielfalt am Leben zu halten.<\/p>\n\n\n\n<h2><span class=\"ez-toc-section\" id=\"welche-eigenschaften-bietet-die-faser\"><\/span>Welche Eigenschaften  bietet die Faser?<span class=\"ez-toc-section-end\"><\/span><\/h2>\n\n\n\n<p>Nun widmen wir uns im FaserGefl\u00fcster No 2 der Faser an sich &#8211; es gibt verschiedene Stimmen: Die einen finden, dass Shetland Fleece die feinsten Fasern der britischen Inseln sind. Die anderen finden es sogar zu deftig, um daraus \u00fcberhaupt Kleidung herzustellen.<\/p>\n\n\n\n<p><em>Zu welcher Fraktion geh\u00f6rst du?<\/em><\/p>\n\n\n\n<figure class=\"wp-block-image size-large\"><img loading=\"lazy\" width=\"1024\" height=\"1024\" src=\"https:\/\/shop.crenali.de\/blog\/wp-content\/uploads\/2020\/05\/2-1-1024x1024.png\" alt=\"Das Shetland Schaf mal etwas genauer beleuchtet\" class=\"wp-image-76\" srcset=\"https:\/\/shop.crenali.de\/blog\/wp-content\/uploads\/2020\/05\/2-1-1024x1024.png 1024w, https:\/\/shop.crenali.de\/blog\/wp-content\/uploads\/2020\/05\/2-1-300x300.png 300w, https:\/\/shop.crenali.de\/blog\/wp-content\/uploads\/2020\/05\/2-1-150x150.png 150w, https:\/\/shop.crenali.de\/blog\/wp-content\/uploads\/2020\/05\/2-1-768x768.png 768w, https:\/\/shop.crenali.de\/blog\/wp-content\/uploads\/2020\/05\/2-1-100x100.png 100w, https:\/\/shop.crenali.de\/blog\/wp-content\/uploads\/2020\/05\/2-1.png 1080w\" sizes=\"(max-width: 767px) 89vw, (max-width: 1000px) 54vw, (max-width: 1071px) 543px, 580px\" \/><\/figure>\n\n\n\n<p>Wenn man es ganz genau nimmt, ist Shetland Wolle eine Wolle f\u00fcr jeden Geschmack, denn sie kann eigentlich alles bieten, was man braucht.<\/p>\n\n\n\n<p>Man muss nur wissen, wonach man sucht und kann danach das Fleece ausw\u00e4hlen.<\/p>\n\n\n\n<p>Die seidig wirkenden Fasern filzen zum Beispiel sehr schnell, die matten und etwas robuster wirkenden hingegen nicht so sehr.<\/p>\n\n\n\n<p>Wie bei den meisten handgesponnenen und handgearbeitetn Wollprodukten ist es eine sehr schlechte Idee, einen Shetland-Pullover in die Waschmaschine oder den Trockner zu legen, es sei denn, man m\u00f6chte sehr robuste gefilzte und geschrumpfte Kleidung haben.<\/p>\n\n\n\n<p>Und nun kommen wir zu den Zahlen, Daten und Fakten:<\/p>\n\n\n\n<h2><span class=\"ez-toc-section\" id=\"fasermenge-charakteristik-die-kernthemen-des-fasergefluester-no-2\"><\/span>Fasermenge &amp; Charakteristik &#8211; die Kernthemen des FaserGefl\u00fcster No 2<span class=\"ez-toc-section-end\"><\/span><\/h2>\n\n\n\n<p>Der Ertrag pro Scherung liegt durchschnittlich bei 0,9-1,8kg, was einer Ausbeute von ca. 65-80% entspricht.<\/p>\n\n\n\n<h3><span class=\"ez-toc-section\" id=\"faserlaenge-und-feinheit\"><\/span>Faserl\u00e4nge und Feinheit<span class=\"ez-toc-section-end\"><\/span><\/h3>\n\n\n\n<p>Die ca. 5-11,5cm langen Fasern liegen mit ihrem Faserdurchmesser bei etwa 20-30 Micron. Es gibt jedoch auch Z\u00fcchter, die l\u00e4ngere Fasern mit bis zu 25cm z\u00fcchten, genauso wie es Z\u00fcchter gibt, die eine Feinheit von 10-20 Micorn favorisieren. (Hierf\u00fcr nutzt man lediglich die Nackenhaare der feinsten Fleece). Im Gegensatz dazu gibt es aber auch Fleece mit 30-60 Micron.<\/p>\n\n\n\n<p>Generell jedoch kann man sagen, dass die durchschnittlichen Micronzahlen bei 23 Micron liegen, wodurch sich heraus kristallisiert, dass sie tats\u00e4chlich eher bei den feineren Fasern angesiedelt sind.<\/p>\n\n\n\n<p>Wenn man sich die Fasern mal etwas genauer ansieht, dann f\u00e4llt auf, dass sie an der Basis breiter und nach vorne hin spitz zulaufend sind.<br>Die feineren Fasern sind sch\u00f6n gekr\u00e4uselt, die l\u00e4ngeren und gr\u00f6beren Fasern hingegen sind fast gerade oder wellig.<\/p>\n\n\n\n<h3><span class=\"ez-toc-section\" id=\"farben\"><\/span>Farben<span class=\"ez-toc-section-end\"><\/span><\/h3>\n\n\n\n<p>Um die Farbe der Fasern richtig bestimmen zu k\u00f6nnen, muss das Fleece erstmal gewaschen werden, denn das Wollfett beeinflusst die Farbe unwahrscheinlich und sobald es richtig herausgewaschen wurde, kann man die echte Farbe bestimmen. <\/p>\n\n\n\n<p>Du erinnerst dich vielleicht, dass ich oben im Beitrag bereits auf die 11 typischen Farben eingegangen bin.<\/p>\n\n\n\n<p>Zum F\u00e4rben werden \u00fcblicherweise die wei\u00dfen Fasern genutzt, die anderen F\u00e4rbungen werden dann eher in der Originalfarbe bevorzugt.<\/p>\n\n\n\n<p>Ich pers\u00f6nlich muss ja gestehen, dass ich alle 11 Farben am liebsten &#8222;roh&#8220; verspinne, denn das Farbenspiel ist von Natur aus schon wundervoll \u2764\ufe0f<\/p>\n\n\n\n<p>Falls du dir gerne die Shetland Wolle mal genauer ansehen m\u00f6chtest, dann schau einfach im Shop vorbei, dort haben wir verschiedene Farben einzeln oder auch als Set &#8211; das alles findest du hier:<\/p>\n\n\n\n<div class=\"wp-container-1 wp-block-buttons aligncenter\">\n<div class=\"wp-block-button\"><a class=\"wp-block-button__link\" href=\"https:\/\/shop.crenali.de\/de\/Spinnfutter\/spinnfutter-natur\/\" target=\"_blank\" rel=\"noreferrer noopener\">ShetSi im Shop<\/a><\/div>\n<\/div>\n\n\n\n<p>ich freue mich schon auf unser n\u00e4chstes FaserGefl\u00fcster \u2013 wir informieren dich sowohl auf Instagram als auch facebook \u00fcber neue Beitr\u00e4ge \u2013 gerne kannst du uns aber auch einfach direkt hier folgen \ud83e\udd13<\/p>\n\n\n\n<p>Bis zum n\u00e4chsten Mal,<\/p>\n\n\n\n<p>deine Dorothea<\/p>\n","protected":false},"excerpt":{"rendered":"<p>Es ist wieder so weit, das neue Fasergefl\u00fcster No 2 steht vor der T\u00fcr \ud83e\udd17 Unsere Themenreihe #FaserGefl\u00fcster wird heute um eine neue Faser bzw. um ein neues Tier erg\u00e4nzt. Wobei neu ist eigentlich falsch, denn die Faser ist alles andere als neu, sondern eher altbekannt. Aber lies selbst. \ud83d\ude09<\/p>\n","protected":false},"author":1,"featured_media":0,"comment_status":"open","ping_status":"open","sticky":false,"template":"","format":"standard","meta":[],"categories":[13],"tags":[6,7,25,11],"yoast_head":"<!-- This site is optimized with the Yoast SEO plugin v19.8 - https:\/\/yoast.com\/wordpress\/plugins\/seo\/ -->\n<title>FaserGefl\u00fcster No 2 - Shetland Schafe - Crenali handmade bloggt<\/title>\n<meta name=\"description\" content=\"Du m\u00f6chtest mehr erfahren \u00fcber Shetland Schafe, ihre Wolle und die Eigenschaften? Dann schau dir unbedingt das FaserGefl\u00fcster No 2 an.\" \/>\n<meta name=\"robots\" content=\"index, follow, max-snippet:-1, max-image-preview:large, max-video-preview:-1\" \/>\n<link rel=\"canonical\" href=\"https:\/\/shop.crenali.de\/blog\/fasergefluester-no-2-shetland-schafe\/\" \/>\n<meta property=\"og:locale\" content=\"de_DE\" \/>\n<meta property=\"og:type\" content=\"article\" \/>\n<meta property=\"og:title\" content=\"FaserGefl\u00fcster No 2 - Shetland Schafe - Crenali handmade bloggt\" \/>\n<meta property=\"og:description\" content=\"Du m\u00f6chtest mehr erfahren \u00fcber Shetland Schafe, ihre Wolle und die Eigenschaften? Dann schau dir unbedingt das FaserGefl\u00fcster No 2 an.\" \/>\n<meta property=\"og:url\" content=\"https:\/\/shop.crenali.de\/blog\/fasergefluester-no-2-shetland-schafe\/\" \/>\n<meta property=\"og:site_name\" content=\"Crenali handmade bloggt\" \/>\n<meta property=\"article:publisher\" content=\"https:\/\/www.fb.com\/crenali\" \/>\n<meta property=\"article:author\" content=\"https:\/\/www.facebook.com\/crenali\" \/>\n<meta property=\"article:published_time\" content=\"2020-05-29T13:59:00+00:00\" \/>\n<meta property=\"article:modified_time\" content=\"2021-02-01T17:15:09+00:00\" \/>\n<meta property=\"og:image\" content=\"https:\/\/shop.crenali.de\/blog\/wp-content\/uploads\/2020\/05\/1-2-1024x1024.png\" \/>\n<meta name=\"author\" content=\"Dorothea J. Richter\" \/>\n<meta name=\"twitter:card\" content=\"summary_large_image\" \/>\n<meta name=\"twitter:label1\" content=\"Verfasst von\" \/>\n\t<meta name=\"twitter:data1\" content=\"Dorothea J. Richter\" \/>\n\t<meta name=\"twitter:label2\" content=\"Gesch\u00e4tzte Lesezeit\" \/>\n\t<meta name=\"twitter:data2\" content=\"4 Minuten\" \/>\n<script type=\"application\/ld+json\" class=\"yoast-schema-graph\">{\"@context\":\"https:\/\/schema.org\",\"@graph\":[{\"@type\":\"Article\",\"@id\":\"https:\/\/shop.crenali.de\/blog\/fasergefluester-no-2-shetland-schafe\/#article\",\"isPartOf\":{\"@id\":\"https:\/\/shop.crenali.de\/blog\/fasergefluester-no-2-shetland-schafe\/\"},\"author\":{\"name\":\"Dorothea J. Richter\",\"@id\":\"https:\/\/shop.crenali.de\/blog\/#\/schema\/person\/2f9f3e49b300308c8aaf11894b7484af\"},\"headline\":\"FaserGefl\u00fcster No 2 &#8211; Shetland Schafe\",\"datePublished\":\"2020-05-29T13:59:00+00:00\",\"dateModified\":\"2021-02-01T17:15:09+00:00\",\"mainEntityOfPage\":{\"@id\":\"https:\/\/shop.crenali.de\/blog\/fasergefluester-no-2-shetland-schafe\/\"},\"wordCount\":735,\"commentCount\":0,\"publisher\":{\"@id\":\"https:\/\/shop.crenali.de\/blog\/#organization\"},\"keywords\":[\"FaserGefl\u00fcster\",\"Faserkunde\",\"Shetlandschaf\",\"Wollkunde\"],\"articleSection\":[\"FaserGefl\u00fcster\"],\"inLanguage\":\"de-DE\",\"potentialAction\":[{\"@type\":\"CommentAction\",\"name\":\"Comment\",\"target\":[\"https:\/\/shop.crenali.de\/blog\/fasergefluester-no-2-shetland-schafe\/#respond\"]}]},{\"@type\":\"WebPage\",\"@id\":\"https:\/\/shop.crenali.de\/blog\/fasergefluester-no-2-shetland-schafe\/\",\"url\":\"https:\/\/shop.crenali.de\/blog\/fasergefluester-no-2-shetland-schafe\/\",\"name\":\"FaserGefl\u00fcster No 2 - Shetland Schafe - Crenali handmade bloggt\",\"isPartOf\":{\"@id\":\"https:\/\/shop.crenali.de\/blog\/#website\"},\"datePublished\":\"2020-05-29T13:59:00+00:00\",\"dateModified\":\"2021-02-01T17:15:09+00:00\",\"description\":\"Du m\u00f6chtest mehr erfahren \u00fcber Shetland Schafe, ihre Wolle und die Eigenschaften? Dann schau dir unbedingt das FaserGefl\u00fcster No 2 an.\",\"breadcrumb\":{\"@id\":\"https:\/\/shop.crenali.de\/blog\/fasergefluester-no-2-shetland-schafe\/#breadcrumb\"},\"inLanguage\":\"de-DE\",\"potentialAction\":[{\"@type\":\"ReadAction\",\"target\":[\"https:\/\/shop.crenali.de\/blog\/fasergefluester-no-2-shetland-schafe\/\"]}]},{\"@type\":\"BreadcrumbList\",\"@id\":\"https:\/\/shop.crenali.de\/blog\/fasergefluester-no-2-shetland-schafe\/#breadcrumb\",\"itemListElement\":[{\"@type\":\"ListItem\",\"position\":1,\"name\":\"Startseite\",\"item\":\"https:\/\/shop.crenali.de\/blog\/\"},{\"@type\":\"ListItem\",\"position\":2,\"name\":\"FaserGefl\u00fcster No 2 &#8211; Shetland Schafe\"}]},{\"@type\":\"WebSite\",\"@id\":\"https:\/\/shop.crenali.de\/blog\/#website\",\"url\":\"https:\/\/shop.crenali.de\/blog\/\",\"name\":\"Crenali handmade bloggt\",\"description\":\"Jetzt reden wir Klartext!\",\"publisher\":{\"@id\":\"https:\/\/shop.crenali.de\/blog\/#organization\"},\"potentialAction\":[{\"@type\":\"SearchAction\",\"target\":{\"@type\":\"EntryPoint\",\"urlTemplate\":\"https:\/\/shop.crenali.de\/blog\/?s={search_term_string}\"},\"query-input\":\"required name=search_term_string\"}],\"inLanguage\":\"de-DE\"},{\"@type\":\"Organization\",\"@id\":\"https:\/\/shop.crenali.de\/blog\/#organization\",\"name\":\"Crenali handmade\",\"url\":\"https:\/\/shop.crenali.de\/blog\/\",\"sameAs\":[\"https:\/\/www.instagram.com\/creative.natural.living\",\"https:\/\/www.linkedin.com\/in\/crenali\/\",\"https:\/\/www.pinterest.de\/Crenali\/\",\"https:\/\/www.fb.com\/crenali\"],\"logo\":{\"@type\":\"ImageObject\",\"inLanguage\":\"de-DE\",\"@id\":\"https:\/\/shop.crenali.de\/blog\/#\/schema\/logo\/image\/\",\"url\":\"https:\/\/shop.crenali.de\/blog\/wp-content\/uploads\/2020\/05\/cropped-Crenali_Logo-01-2.png\",\"contentUrl\":\"https:\/\/shop.crenali.de\/blog\/wp-content\/uploads\/2020\/05\/cropped-Crenali_Logo-01-2.png\",\"width\":250,\"height\":250,\"caption\":\"Crenali handmade\"},\"image\":{\"@id\":\"https:\/\/shop.crenali.de\/blog\/#\/schema\/logo\/image\/\"}},{\"@type\":\"Person\",\"@id\":\"https:\/\/shop.crenali.de\/blog\/#\/schema\/person\/2f9f3e49b300308c8aaf11894b7484af\",\"name\":\"Dorothea J. Richter\",\"image\":{\"@type\":\"ImageObject\",\"inLanguage\":\"de-DE\",\"@id\":\"https:\/\/shop.crenali.de\/blog\/#\/schema\/person\/image\/\",\"url\":\"https:\/\/secure.gravatar.com\/avatar\/a9859ef6d0982f1955ddcd9d2b0bc32d?s=96&d=mm&r=g\",\"contentUrl\":\"https:\/\/secure.gravatar.com\/avatar\/a9859ef6d0982f1955ddcd9d2b0bc32d?s=96&d=mm&r=g\",\"caption\":\"Dorothea J. Richter\"},\"sameAs\":[\"https:\/\/shop.crenali.de\/blog\",\"https:\/\/www.facebook.com\/crenali\",\"https:\/\/www.instagram.com\/creative.natural.living\"]}]}<\/script>\n<!-- \/ Yoast SEO plugin. -->","yoast_head_json":{"title":"FaserGefl\u00fcster No 2 - Shetland Schafe - Crenali handmade bloggt","description":"Du m\u00f6chtest mehr erfahren \u00fcber Shetland Schafe, ihre Wolle und die Eigenschaften? Dann schau dir unbedingt das FaserGefl\u00fcster No 2 an.","robots":{"index":"index","follow":"follow","max-snippet":"max-snippet:-1","max-image-preview":"max-image-preview:large","max-video-preview":"max-video-preview:-1"},"canonical":"https:\/\/shop.crenali.de\/blog\/fasergefluester-no-2-shetland-schafe\/","og_locale":"de_DE","og_type":"article","og_title":"FaserGefl\u00fcster No 2 - Shetland Schafe - Crenali handmade bloggt","og_description":"Du m\u00f6chtest mehr erfahren \u00fcber Shetland Schafe, ihre Wolle und die Eigenschaften? Dann schau dir unbedingt das FaserGefl\u00fcster No 2 an.","og_url":"https:\/\/shop.crenali.de\/blog\/fasergefluester-no-2-shetland-schafe\/","og_site_name":"Crenali handmade bloggt","article_publisher":"https:\/\/www.fb.com\/crenali","article_author":"https:\/\/www.facebook.com\/crenali","article_published_time":"2020-05-29T13:59:00+00:00","article_modified_time":"2021-02-01T17:15:09+00:00","og_image":[{"url":"https:\/\/shop.crenali.de\/blog\/wp-content\/uploads\/2020\/05\/1-2-1024x1024.png"}],"author":"Dorothea J. Richter","twitter_card":"summary_large_image","twitter_misc":{"Verfasst von":"Dorothea J. Richter","Gesch\u00e4tzte Lesezeit":"4 Minuten"},"schema":{"@context":"https:\/\/schema.org","@graph":[{"@type":"Article","@id":"https:\/\/shop.crenali.de\/blog\/fasergefluester-no-2-shetland-schafe\/#article","isPartOf":{"@id":"https:\/\/shop.crenali.de\/blog\/fasergefluester-no-2-shetland-schafe\/"},"author":{"name":"Dorothea J. Richter","@id":"https:\/\/shop.crenali.de\/blog\/#\/schema\/person\/2f9f3e49b300308c8aaf11894b7484af"},"headline":"FaserGefl\u00fcster No 2 &#8211; Shetland Schafe","datePublished":"2020-05-29T13:59:00+00:00","dateModified":"2021-02-01T17:15:09+00:00","mainEntityOfPage":{"@id":"https:\/\/shop.crenali.de\/blog\/fasergefluester-no-2-shetland-schafe\/"},"wordCount":735,"commentCount":0,"publisher":{"@id":"https:\/\/shop.crenali.de\/blog\/#organization"},"keywords":["FaserGefl\u00fcster","Faserkunde","Shetlandschaf","Wollkunde"],"articleSection":["FaserGefl\u00fcster"],"inLanguage":"de-DE","potentialAction":[{"@type":"CommentAction","name":"Comment","target":["https:\/\/shop.crenali.de\/blog\/fasergefluester-no-2-shetland-schafe\/#respond"]}]},{"@type":"WebPage","@id":"https:\/\/shop.crenali.de\/blog\/fasergefluester-no-2-shetland-schafe\/","url":"https:\/\/shop.crenali.de\/blog\/fasergefluester-no-2-shetland-schafe\/","name":"FaserGefl\u00fcster No 2 - Shetland Schafe - Crenali handmade bloggt","isPartOf":{"@id":"https:\/\/shop.crenali.de\/blog\/#website"},"datePublished":"2020-05-29T13:59:00+00:00","dateModified":"2021-02-01T17:15:09+00:00","description":"Du m\u00f6chtest mehr erfahren \u00fcber Shetland Schafe, ihre Wolle und die Eigenschaften? Dann schau dir unbedingt das FaserGefl\u00fcster No 2 an.","breadcrumb":{"@id":"https:\/\/shop.crenali.de\/blog\/fasergefluester-no-2-shetland-schafe\/#breadcrumb"},"inLanguage":"de-DE","potentialAction":[{"@type":"ReadAction","target":["https:\/\/shop.crenali.de\/blog\/fasergefluester-no-2-shetland-schafe\/"]}]},{"@type":"BreadcrumbList","@id":"https:\/\/shop.crenali.de\/blog\/fasergefluester-no-2-shetland-schafe\/#breadcrumb","itemListElement":[{"@type":"ListItem","position":1,"name":"Startseite","item":"https:\/\/shop.crenali.de\/blog\/"},{"@type":"ListItem","position":2,"name":"FaserGefl\u00fcster No 2 &#8211; Shetland Schafe"}]},{"@type":"WebSite","@id":"https:\/\/shop.crenali.de\/blog\/#website","url":"https:\/\/shop.crenali.de\/blog\/","name":"Crenali handmade bloggt","description":"Jetzt reden wir Klartext!","publisher":{"@id":"https:\/\/shop.crenali.de\/blog\/#organization"},"potentialAction":[{"@type":"SearchAction","target":{"@type":"EntryPoint","urlTemplate":"https:\/\/shop.crenali.de\/blog\/?s={search_term_string}"},"query-input":"required name=search_term_string"}],"inLanguage":"de-DE"},{"@type":"Organization","@id":"https:\/\/shop.crenali.de\/blog\/#organization","name":"Crenali handmade","url":"https:\/\/shop.crenali.de\/blog\/","sameAs":["https:\/\/www.instagram.com\/creative.natural.living","https:\/\/www.linkedin.com\/in\/crenali\/","https:\/\/www.pinterest.de\/Crenali\/","https:\/\/www.fb.com\/crenali"],"logo":{"@type":"ImageObject","inLanguage":"de-DE","@id":"https:\/\/shop.crenali.de\/blog\/#\/schema\/logo\/image\/","url":"https:\/\/shop.crenali.de\/blog\/wp-content\/uploads\/2020\/05\/cropped-Crenali_Logo-01-2.png","contentUrl":"https:\/\/shop.crenali.de\/blog\/wp-content\/uploads\/2020\/05\/cropped-Crenali_Logo-01-2.png","width":250,"height":250,"caption":"Crenali handmade"},"image":{"@id":"https:\/\/shop.crenali.de\/blog\/#\/schema\/logo\/image\/"}},{"@type":"Person","@id":"https:\/\/shop.crenali.de\/blog\/#\/schema\/person\/2f9f3e49b300308c8aaf11894b7484af","name":"Dorothea J. Richter","image":{"@type":"ImageObject","inLanguage":"de-DE","@id":"https:\/\/shop.crenali.de\/blog\/#\/schema\/person\/image\/","url":"https:\/\/secure.gravatar.com\/avatar\/a9859ef6d0982f1955ddcd9d2b0bc32d?s=96&d=mm&r=g","contentUrl":"https:\/\/secure.gravatar.com\/avatar\/a9859ef6d0982f1955ddcd9d2b0bc32d?s=96&d=mm&r=g","caption":"Dorothea J. Richter"},"sameAs":["https:\/\/shop.crenali.de\/blog","https:\/\/www.facebook.com\/crenali","https:\/\/www.instagram.com\/creative.natural.living"]}]}},"_links":{"self":[{"href":"https:\/\/shop.crenali.de\/blog\/wp-json\/wp\/v2\/posts\/72"}],"collection":[{"href":"https:\/\/shop.crenali.de\/blog\/wp-json\/wp\/v2\/posts"}],"about":[{"href":"https:\/\/shop.crenali.de\/blog\/wp-json\/wp\/v2\/types\/post"}],"author":[{"embeddable":true,"href":"https:\/\/shop.crenali.de\/blog\/wp-json\/wp\/v2\/users\/1"}],"replies":[{"embeddable":true,"href":"https:\/\/shop.crenali.de\/blog\/wp-json\/wp\/v2\/comments?post=72"}],"version-history":[{"count":2,"href":"https:\/\/shop.crenali.de\/blog\/wp-json\/wp\/v2\/posts\/72\/revisions"}],"predecessor-version":[{"id":357,"href":"https:\/\/shop.crenali.de\/blog\/wp-json\/wp\/v2\/posts\/72\/revisions\/357"}],"wp:attachment":[{"href":"https:\/\/shop.crenali.de\/blog\/wp-json\/wp\/v2\/media?parent=72"}],"wp:term":[{"taxonomy":"category","embeddable":true,"href":"https:\/\/shop.crenali.de\/blog\/wp-json\/wp\/v2\/categories?post=72"},{"taxonomy":"post_tag","embeddable":true,"href":"https:\/\/shop.crenali.de\/blog\/wp-json\/wp\/v2\/tags?post=72"}],"curies":[{"name":"wp","href":"https:\/\/api.w.org\/{rel}","templated":true}]}}