{"id":98,"date":"2020-10-28T18:06:52","date_gmt":"2020-10-28T17:06:52","guid":{"rendered":"https:\/\/shop.crenali.de\/blog\/?p=98"},"modified":"2021-02-01T18:17:13","modified_gmt":"2021-02-01T17:17:13","slug":"es-ist-herbst-bedeutung-und-merkmale","status":"publish","type":"post","link":"https:\/\/shop.crenali.de\/blog\/es-ist-herbst-bedeutung-und-merkmale\/","title":{"rendered":"Herbst-Typ | Bedeutung und Merkmale"},"content":{"rendered":"\n<p>&#8222;Hurra hurra, der Herbst ist da!&#8220; Oder doch eher &#8222;Oh nein, jetzt wird es wieder neblig und grau&#8230;&#8220; &#8211; der Herbst-Typ genauer beleuchtet.<\/p>\n\n\n\n<figure class=\"wp-block-image size-large\"><img loading=\"lazy\" width=\"1024\" height=\"1024\" src=\"https:\/\/shop.crenali.de\/blog\/wp-content\/uploads\/2020\/10\/1-1024x1024.png\" alt=\"Klarheit bei Crenali\u00b4s Klartext | Der Herbst\" class=\"wp-image-99\" srcset=\"https:\/\/shop.crenali.de\/blog\/wp-content\/uploads\/2020\/10\/1-1024x1024.png 1024w, https:\/\/shop.crenali.de\/blog\/wp-content\/uploads\/2020\/10\/1-300x300.png 300w, https:\/\/shop.crenali.de\/blog\/wp-content\/uploads\/2020\/10\/1-150x150.png 150w, https:\/\/shop.crenali.de\/blog\/wp-content\/uploads\/2020\/10\/1-768x768.png 768w, https:\/\/shop.crenali.de\/blog\/wp-content\/uploads\/2020\/10\/1-100x100.png 100w, https:\/\/shop.crenali.de\/blog\/wp-content\/uploads\/2020\/10\/1.png 1080w\" sizes=\"(max-width: 767px) 89vw, (max-width: 1000px) 54vw, (max-width: 1071px) 543px, 580px\" \/><figcaption>Herbst &#8211; der Zwerg hat wieder einmal eine Frage!<\/figcaption><\/figure>\n\n\n\n<p>Wir kennen es alle: Die Tage werden k\u00fcrzer, das Laub an den B\u00e4umen f\u00e4rbt sich und manchmal ist es ganz sch\u00f6n neblig. Wie bei allem gibt es nat\u00fcrlich auch bei den Jahreszeiten Favoriten &#8211; ich gestehe, ich finde den Fr\u00fchling und den Herbst eigentlich ganz toll. Wenn der Sommer hier im S\u00fcdbadischen nicht so hei\u00df w\u00e4re, dann w\u00e4re der auch okay \ud83d\ude43<\/p>\n\n\n\n<!--more-->\n\n\n\n<div id=\"ez-toc-container\" class=\"ez-toc-v2_0_34 counter-hierarchy ez-toc-counter ez-toc-light-blue ez-toc-container-direction\">\n<div class=\"ez-toc-title-container\">\n<p class=\"ez-toc-title\">Diese Themen erwarten dich im Blogartikel:<\/p>\n<span class=\"ez-toc-title-toggle\"><\/span><\/div>\n<nav><ul class='ez-toc-list ez-toc-list-level-1'><li class='ez-toc-page-1 ez-toc-heading-level-2'><a class=\"ez-toc-link ez-toc-heading-1\" href=\"https:\/\/shop.crenali.de\/blog\/es-ist-herbst-bedeutung-und-merkmale\/#die-bedeutung-des-herbstes-definition\" title=\"Die Bedeutung des Herbstes &#8211; Definition\">Die Bedeutung des Herbstes &#8211; Definition<\/a><\/li><li class='ez-toc-page-1 ez-toc-heading-level-2'><a class=\"ez-toc-link ez-toc-heading-2\" href=\"https:\/\/shop.crenali.de\/blog\/es-ist-herbst-bedeutung-und-merkmale\/#der-herbst-typ-was-ist-das\" title=\"Der Herbst-Typ &#8211; was ist das?\">Der Herbst-Typ &#8211; was ist das?<\/a><ul class='ez-toc-list-level-3'><li class='ez-toc-heading-level-3'><a class=\"ez-toc-link ez-toc-heading-3\" href=\"https:\/\/shop.crenali.de\/blog\/es-ist-herbst-bedeutung-und-merkmale\/#merkmale-des-herbst-typs\" title=\"Merkmale des Herbst-Typs\">Merkmale des Herbst-Typs<\/a><\/li><\/ul><\/li><li class='ez-toc-page-1 ez-toc-heading-level-2'><a class=\"ez-toc-link ez-toc-heading-4\" href=\"https:\/\/shop.crenali.de\/blog\/es-ist-herbst-bedeutung-und-merkmale\/#farben-fuer-den-herbst-typ\" title=\"Farben f\u00fcr den Herbst-Typ\">Farben f\u00fcr den Herbst-Typ<\/a><\/li><li class='ez-toc-page-1 ez-toc-heading-level-2'><a class=\"ez-toc-link ez-toc-heading-5\" href=\"https:\/\/shop.crenali.de\/blog\/es-ist-herbst-bedeutung-und-merkmale\/#fazit-der-herbst-ist-toll\" title=\"Fazit: Der Herbst ist toll!\">Fazit: Der Herbst ist toll!<\/a><\/li><\/ul><\/nav><\/div>\n<h2><span class=\"ez-toc-section\" id=\"die-bedeutung-des-herbstes-definition\"><\/span>Die Bedeutung des Herbstes &#8211; Definition<span class=\"ez-toc-section-end\"><\/span><\/h2>\n\n\n\n<p>Wenn man &#8222;Herbst&#8220; im W\u00f6rterbuch nachschl\u00e4gt, dann hei\u00dft es: <em><strong>Jahreszeit zwischen Sommer und Winter als Zeit der Ernte und der bunten F\u00e4rbung der Bl\u00e4tter von Laubb\u00e4umen<\/strong><\/em> oder auch <strong><em>[durch Verfall, Niedergang gekennzeichnetes] Ende eines Zeitabschnittes, einer \u00c4ra, einer Epoche, Sp\u00e4tzeit<\/em><\/strong> &#8211; welche der Definitionen entspricht denn deinem Gef\u00fchl?<\/p>\n\n\n\n<figure class=\"wp-block-image size-large\"><img loading=\"lazy\" width=\"1024\" height=\"1024\" src=\"https:\/\/shop.crenali.de\/blog\/wp-content\/uploads\/2020\/10\/2-1024x1024.png\" alt=\"Bedeutung des Herbstes\" class=\"wp-image-100\" srcset=\"https:\/\/shop.crenali.de\/blog\/wp-content\/uploads\/2020\/10\/2-1024x1024.png 1024w, https:\/\/shop.crenali.de\/blog\/wp-content\/uploads\/2020\/10\/2-300x300.png 300w, https:\/\/shop.crenali.de\/blog\/wp-content\/uploads\/2020\/10\/2-150x150.png 150w, https:\/\/shop.crenali.de\/blog\/wp-content\/uploads\/2020\/10\/2-768x768.png 768w, https:\/\/shop.crenali.de\/blog\/wp-content\/uploads\/2020\/10\/2-100x100.png 100w, https:\/\/shop.crenali.de\/blog\/wp-content\/uploads\/2020\/10\/2.png 1080w\" sizes=\"(max-width: 767px) 89vw, (max-width: 1000px) 54vw, (max-width: 1071px) 543px, 580px\" \/><figcaption>Bedeutung des Herbstes<\/figcaption><\/figure>\n\n\n\n<p>Erntedankfest, Laternenumz\u00fcge und das erste Feuer im Kamin &#8211; das sind f\u00fcr mich tolle Dinge, die ich mit dem Herbst verbinde. Als Kind haben wir Laub gesammelt und gepresst, Tee getrunken und Geschichten gelesen. Herbst bedeutet f\u00fcr mich Gem\u00fctlichkeit. \u2764\ufe0f<\/p>\n\n\n\n<p>Da meine Jungs auch so naturliebend sind wie ich, geniesse ich die langen Spazierg\u00e4nge &#8211; auch matschige Hosen sind erlaubt. \ud83d\ude09 Es gibt in jeder Jahreszeit so unendlich viel zu entdecken, aber gerade der Herbst zeigt die Wandlung der Natur so unverwechelbar, oder?<\/p>\n\n\n\n<h2><span class=\"ez-toc-section\" id=\"der-herbst-typ-was-ist-das\"><\/span>Der Herbst-Typ &#8211; was ist das?<span class=\"ez-toc-section-end\"><\/span><\/h2>\n\n\n\n<p>Du kennst bestimmt die verschiedenen Typen aus der Farb- und Stilberatung &#8211; ich f\u00fcr meinen Teil habe irgendwann in der Pubert\u00e4t (also quasi vorgestern \ud83e\udd23) daran teilgenommen. Allerdings muss ich zugeben, dass ich mich noch an die verschiedenen Typen erinnere, aber gerade nicht mehr so ganz sicher bin, welcher Typ ich bin &#8211; ich vermute aber der Sommertyp&#8230; \ud83d\ude05<\/p>\n\n\n\n<figure class=\"wp-block-image size-large\"><img loading=\"lazy\" width=\"1024\" height=\"1024\" src=\"https:\/\/shop.crenali.de\/blog\/wp-content\/uploads\/2020\/10\/3-1024x1024.png\" alt=\"Was genau ist der Herbst-Typ?\" class=\"wp-image-101\" srcset=\"https:\/\/shop.crenali.de\/blog\/wp-content\/uploads\/2020\/10\/3-1024x1024.png 1024w, https:\/\/shop.crenali.de\/blog\/wp-content\/uploads\/2020\/10\/3-300x300.png 300w, https:\/\/shop.crenali.de\/blog\/wp-content\/uploads\/2020\/10\/3-150x150.png 150w, https:\/\/shop.crenali.de\/blog\/wp-content\/uploads\/2020\/10\/3-768x768.png 768w, https:\/\/shop.crenali.de\/blog\/wp-content\/uploads\/2020\/10\/3-100x100.png 100w, https:\/\/shop.crenali.de\/blog\/wp-content\/uploads\/2020\/10\/3.png 1080w\" sizes=\"(max-width: 767px) 89vw, (max-width: 1000px) 54vw, (max-width: 1071px) 543px, 580px\" \/><figcaption>Was ist der Herbst-Typ?<\/figcaption><\/figure>\n\n\n\n<p>Jetzt aber mal genug von mir gesabbelt &#8211; schlie\u00dflich m\u00f6chte ich mich ja in diesem Absatz dem Herbsttypen widmen!<\/p>\n\n\n\n<p>Wie auch die Natur wird das Aussehen der Menschen von unterschiedlichen Farben bestimmt und somit in verschiedene Jahreszeiten-Typen unterteilt. Wichtig hierf\u00fcr sind der Teint, die Augen- sowie die Haarfarbe.<\/p>\n\n\n\n<p>Hat man einmal seinen Typen gefunden, kann man sich bei der Wahl der Kleidung an den Farben orientieren, die dem Typ entsprechen. Cool, oder?<\/p>\n\n\n\n<h3><span class=\"ez-toc-section\" id=\"merkmale-des-herbst-typs\"><\/span>Merkmale des Herbst-Typs<span class=\"ez-toc-section-end\"><\/span><\/h3>\n\n\n\n<p>Ich hatte ja schon erw\u00e4hnt, dass der Teint eine ganz entscheidende Rolle spielt &#8211; hier finden sich zwei verschiedene <strong>Teints<\/strong> wieder: Der Hellh\u00e4utige Typ, der auch im Sommer kaum braun wird und dessen Gesicht von netten kleinen Sommersprossen geziert wird und der Typ mit goldbeigem bis pfirsichfarbenem Teint. Auffallend sind bei Letzterem die eindeutig roten Lippen.<\/p>\n\n\n\n<p>Bei der <strong>Augenfarbe<\/strong> finden sich vor allem die Braunt\u00f6ne oder Olivgr\u00fcn, was ein bisschen an den Edelstein Katzenauge erinnert. Ab und an findet sich auch mal Blau, das jedoch immer einen Gr\u00fcnstich hat.<\/p>\n\n\n\n<p>Wenn wir die <strong>Haarfarbe<\/strong> n\u00e4her betrachten, so finden wir Blond-, Rot- und Braunvariationen. Auffallend ist, dass Wimpern sowie Augenbrauen so gut wie immer die selbe Farbe wie das Haupthaar haben. Nur ganz selten sind sie einen Ticken dunkler.<\/p>\n\n\n\n<h2><span class=\"ez-toc-section\" id=\"farben-fuer-den-herbst-typ\"><\/span>Farben f\u00fcr den Herbst-Typ<span class=\"ez-toc-section-end\"><\/span><\/h2>\n\n\n\n<p>Bleiben wir mal bei den Farben, die in der Farb- und Stilberatung f\u00fcr den Herbst genannt werden &#8211; und Hiiilfe &#8211; das sind ja sowas von meine Farben! \ud83d\ude05<\/p>\n\n\n\n<figure class=\"wp-block-image size-large\"><img loading=\"lazy\" width=\"1080\" height=\"1080\" src=\"https:\/\/shop.crenali.de\/blog\/wp-content\/uploads\/2020\/10\/4-1024x1024.png\" alt=\"Typische Herbstfarben.\" class=\"wp-image-102\" srcset=\"https:\/\/shop.crenali.de\/blog\/wp-content\/uploads\/2020\/10\/4-1024x1024.png 1024w, https:\/\/shop.crenali.de\/blog\/wp-content\/uploads\/2020\/10\/4-300x300.png 300w, https:\/\/shop.crenali.de\/blog\/wp-content\/uploads\/2020\/10\/4-150x150.png 150w, https:\/\/shop.crenali.de\/blog\/wp-content\/uploads\/2020\/10\/4-768x768.png 768w, https:\/\/shop.crenali.de\/blog\/wp-content\/uploads\/2020\/10\/4-100x100.png 100w, https:\/\/shop.crenali.de\/blog\/wp-content\/uploads\/2020\/10\/4.png 1080w\" sizes=\"(max-width: 767px) 89vw, (max-width: 1000px) 54vw, (max-width: 1071px) 543px, 580px\" \/><figcaption>Typische Herbstfarben<\/figcaption><\/figure>\n\n\n\n<p>Die Natur macht es uns vor: Im Herbst herrscht Rot vor &#8211; und zwar in nahezu allen Variationen. Nur Pastellt\u00f6ne, die sind f\u00fcr den Herbst-Typen eher nicht zu empfehlen. Aber mal ganz ehrlich &#8211; hast du schonmal einen pastellroten Baum gesehen? Ich nicht. \ud83d\ude43<\/p>\n\n\n\n<p>Sehen wir uns weiter die Blattf\u00e4rbungen an, so f\u00e4llt uns ein warmes Orange bis zu verschiedenen Gelbt\u00f6nen auf. Genauso verschiedene Gr\u00fcnt\u00f6ne, wie zum Beispiel das Oliv, stehen dem Herbst-Typen hervorragend!<\/p>\n\n\n\n<p>Blicken wir auf den Waldboden, so entdecken wir sicherlich Braun- und Ockert\u00f6ne, die die Farbpallette hervorragend erg\u00e4nzen.<\/p>\n\n\n\n<h2><span class=\"ez-toc-section\" id=\"fazit-der-herbst-ist-toll\"><\/span>Fazit: Der Herbst ist toll!<span class=\"ez-toc-section-end\"><\/span><\/h2>\n\n\n\n<p>Wo ich gerade so die Farben und Eigenschaften getippt habe, glaube ich, dass ich auf jeden Fall im Herzen der Herbsttyp bin. \ud83e\udd23 Und auch mein Kleiderschrank sagt mir, dass ich mich auf jeden Fall zu den Herbstfarben hingezogen f\u00fchle.<\/p>\n\n\n\n<p>Egal, ob ich damit genau richtig liege oder nicht: Ich liebe den Herbst. W\u00e4hrend ich das hier schreibe, trinke ich meinen warmen Tee, im Ofen prasselt ein Feuer und die Kinder spielen ein Brettspiel. Gem\u00fctlichkeit pur!<\/p>\n\n\n\n<p>Wenn dir das alles nicht reicht, wie w\u00e4re es mit einer Runde stricken? \ud83d\ude09<\/p>\n\n\n\n<p>Im Shop findest du garantiert das richtige Garn (auch wenn du kein Herbst-Typ bist), mit dem du dir die Herbsttage vers\u00fc\u00dfen kannst. \ud83e\uddf6<\/p>\n\n\n\n<div class=\"wp-container-1 wp-block-buttons aligncenter\">\n<div class=\"wp-block-button\"><a class=\"wp-block-button__link\" href=\"https:\/\/shop.crenali.de\/de\/\">OnlineShop<\/a><\/div>\n<\/div>\n\n\n\n<figure class=\"wp-block-image size-large\"><img loading=\"lazy\" width=\"1024\" height=\"1024\" src=\"https:\/\/shop.crenali.de\/blog\/wp-content\/uploads\/2020\/10\/5-1024x1024.png\" alt=\"Bl\u00e4tterlaub - charakteristisch f\u00fcr den Herbst.\" class=\"wp-image-103\" srcset=\"https:\/\/shop.crenali.de\/blog\/wp-content\/uploads\/2020\/10\/5-1024x1024.png 1024w, https:\/\/shop.crenali.de\/blog\/wp-content\/uploads\/2020\/10\/5-300x300.png 300w, https:\/\/shop.crenali.de\/blog\/wp-content\/uploads\/2020\/10\/5-150x150.png 150w, https:\/\/shop.crenali.de\/blog\/wp-content\/uploads\/2020\/10\/5-768x768.png 768w, https:\/\/shop.crenali.de\/blog\/wp-content\/uploads\/2020\/10\/5-100x100.png 100w, https:\/\/shop.crenali.de\/blog\/wp-content\/uploads\/2020\/10\/5.png 1080w\" sizes=\"(max-width: 767px) 89vw, (max-width: 1000px) 54vw, (max-width: 1071px) 543px, 580px\" \/><\/figure>\n\n\n\n<p>Ich kuschel mich jetzt mit meinem Strickzeug zu meinem Nachwuchs &#8211; es wollen ja noch Geschichten gelesen werden, bevor wir uns alle zusammen ins Bett kuscheln, zugedeckt bis an die Nasenspitze.<\/p>\n\n\n\n<p>Habt es fein &#8211; bis zum n\u00e4chsten Beitrag. \u2764\ufe0f<\/p>\n","protected":false},"excerpt":{"rendered":"<p>&#8222;Hurra hurra, der Herbst ist da!&#8220; Oder doch eher &#8222;Oh nein, jetzt wird es wieder neblig und grau&#8230;&#8220; &#8211; der Herbst-Typ genauer beleuchtet. Wir kennen es alle: Die Tage werden k\u00fcrzer, das Laub an den B\u00e4umen f\u00e4rbt sich und manchmal ist es ganz sch\u00f6n neblig. Wie bei allem gibt es nat\u00fcrlich auch bei den Jahreszeiten &hellip; <\/p>\n<p class=\"link-more\"><a href=\"https:\/\/shop.crenali.de\/blog\/es-ist-herbst-bedeutung-und-merkmale\/\" class=\"more-link\"><span class=\"screen-reader-text\">\u201eHerbst-Typ | Bedeutung und Merkmale\u201c<\/span> weiterlesen<\/a><\/p>\n","protected":false},"author":1,"featured_media":0,"comment_status":"open","ping_status":"open","sticky":false,"template":"","format":"standard","meta":[],"categories":[1],"tags":[49,47,46,52,48],"yoast_head":"<!-- This site is optimized with the Yoast SEO plugin v19.8 - https:\/\/yoast.com\/wordpress\/plugins\/seo\/ -->\n<title>Herbst-Typ | Bedeutung und Merkmale - Crenali handmade bloggt<\/title>\n<meta name=\"description\" content=\"Verschiedene Typen unterschieden in Jahreszeiten | Der Herbst mit seinen Farben aufgeschl\u00fcsselt auf den Herbst-Typ | Bedeutung und Merkmale\" \/>\n<meta name=\"robots\" content=\"index, follow, max-snippet:-1, max-image-preview:large, max-video-preview:-1\" \/>\n<link rel=\"canonical\" href=\"https:\/\/shop.crenali.de\/blog\/es-ist-herbst-bedeutung-und-merkmale\/\" \/>\n<meta property=\"og:locale\" content=\"de_DE\" \/>\n<meta property=\"og:type\" content=\"article\" \/>\n<meta property=\"og:title\" content=\"Herbst-Typ | Bedeutung und Merkmale - Crenali handmade bloggt\" \/>\n<meta property=\"og:description\" content=\"Verschiedene Typen unterschieden in Jahreszeiten | Der Herbst mit seinen Farben aufgeschl\u00fcsselt auf den Herbst-Typ | Bedeutung und Merkmale\" \/>\n<meta property=\"og:url\" content=\"https:\/\/shop.crenali.de\/blog\/es-ist-herbst-bedeutung-und-merkmale\/\" \/>\n<meta property=\"og:site_name\" content=\"Crenali handmade bloggt\" \/>\n<meta property=\"article:publisher\" content=\"https:\/\/www.fb.com\/crenali\" \/>\n<meta property=\"article:author\" content=\"https:\/\/www.facebook.com\/crenali\" \/>\n<meta property=\"article:published_time\" content=\"2020-10-28T17:06:52+00:00\" \/>\n<meta property=\"article:modified_time\" content=\"2021-02-01T17:17:13+00:00\" \/>\n<meta property=\"og:image\" content=\"https:\/\/shop.crenali.de\/blog\/wp-content\/uploads\/2020\/10\/1-1024x1024.png\" \/>\n<meta name=\"author\" content=\"Dorothea J. Richter\" \/>\n<meta name=\"twitter:card\" content=\"summary_large_image\" \/>\n<meta name=\"twitter:label1\" content=\"Verfasst von\" \/>\n\t<meta name=\"twitter:data1\" content=\"Dorothea J. Richter\" \/>\n\t<meta name=\"twitter:label2\" content=\"Gesch\u00e4tzte Lesezeit\" \/>\n\t<meta name=\"twitter:data2\" content=\"5 Minuten\" \/>\n<script type=\"application\/ld+json\" class=\"yoast-schema-graph\">{\"@context\":\"https:\/\/schema.org\",\"@graph\":[{\"@type\":\"Article\",\"@id\":\"https:\/\/shop.crenali.de\/blog\/es-ist-herbst-bedeutung-und-merkmale\/#article\",\"isPartOf\":{\"@id\":\"https:\/\/shop.crenali.de\/blog\/es-ist-herbst-bedeutung-und-merkmale\/\"},\"author\":{\"name\":\"Dorothea J. Richter\",\"@id\":\"https:\/\/shop.crenali.de\/blog\/#\/schema\/person\/2f9f3e49b300308c8aaf11894b7484af\"},\"headline\":\"Herbst-Typ | Bedeutung und Merkmale\",\"datePublished\":\"2020-10-28T17:06:52+00:00\",\"dateModified\":\"2021-02-01T17:17:13+00:00\",\"mainEntityOfPage\":{\"@id\":\"https:\/\/shop.crenali.de\/blog\/es-ist-herbst-bedeutung-und-merkmale\/\"},\"wordCount\":833,\"commentCount\":0,\"publisher\":{\"@id\":\"https:\/\/shop.crenali.de\/blog\/#organization\"},\"keywords\":[\"Farben\",\"Farbtypen\",\"Herbst\",\"Herbst-Typ\",\"Jahreszeiten\"],\"inLanguage\":\"de-DE\",\"potentialAction\":[{\"@type\":\"CommentAction\",\"name\":\"Comment\",\"target\":[\"https:\/\/shop.crenali.de\/blog\/es-ist-herbst-bedeutung-und-merkmale\/#respond\"]}]},{\"@type\":\"WebPage\",\"@id\":\"https:\/\/shop.crenali.de\/blog\/es-ist-herbst-bedeutung-und-merkmale\/\",\"url\":\"https:\/\/shop.crenali.de\/blog\/es-ist-herbst-bedeutung-und-merkmale\/\",\"name\":\"Herbst-Typ | Bedeutung und Merkmale - Crenali handmade bloggt\",\"isPartOf\":{\"@id\":\"https:\/\/shop.crenali.de\/blog\/#website\"},\"datePublished\":\"2020-10-28T17:06:52+00:00\",\"dateModified\":\"2021-02-01T17:17:13+00:00\",\"description\":\"Verschiedene Typen unterschieden in Jahreszeiten | Der Herbst mit seinen Farben aufgeschl\u00fcsselt auf den Herbst-Typ | Bedeutung und Merkmale\",\"breadcrumb\":{\"@id\":\"https:\/\/shop.crenali.de\/blog\/es-ist-herbst-bedeutung-und-merkmale\/#breadcrumb\"},\"inLanguage\":\"de-DE\",\"potentialAction\":[{\"@type\":\"ReadAction\",\"target\":[\"https:\/\/shop.crenali.de\/blog\/es-ist-herbst-bedeutung-und-merkmale\/\"]}]},{\"@type\":\"BreadcrumbList\",\"@id\":\"https:\/\/shop.crenali.de\/blog\/es-ist-herbst-bedeutung-und-merkmale\/#breadcrumb\",\"itemListElement\":[{\"@type\":\"ListItem\",\"position\":1,\"name\":\"Startseite\",\"item\":\"https:\/\/shop.crenali.de\/blog\/\"},{\"@type\":\"ListItem\",\"position\":2,\"name\":\"Herbst-Typ | Bedeutung und Merkmale\"}]},{\"@type\":\"WebSite\",\"@id\":\"https:\/\/shop.crenali.de\/blog\/#website\",\"url\":\"https:\/\/shop.crenali.de\/blog\/\",\"name\":\"Crenali handmade bloggt\",\"description\":\"Jetzt reden wir Klartext!\",\"publisher\":{\"@id\":\"https:\/\/shop.crenali.de\/blog\/#organization\"},\"potentialAction\":[{\"@type\":\"SearchAction\",\"target\":{\"@type\":\"EntryPoint\",\"urlTemplate\":\"https:\/\/shop.crenali.de\/blog\/?s={search_term_string}\"},\"query-input\":\"required name=search_term_string\"}],\"inLanguage\":\"de-DE\"},{\"@type\":\"Organization\",\"@id\":\"https:\/\/shop.crenali.de\/blog\/#organization\",\"name\":\"Crenali handmade\",\"url\":\"https:\/\/shop.crenali.de\/blog\/\",\"sameAs\":[\"https:\/\/www.instagram.com\/creative.natural.living\",\"https:\/\/www.linkedin.com\/in\/crenali\/\",\"https:\/\/www.pinterest.de\/Crenali\/\",\"https:\/\/www.fb.com\/crenali\"],\"logo\":{\"@type\":\"ImageObject\",\"inLanguage\":\"de-DE\",\"@id\":\"https:\/\/shop.crenali.de\/blog\/#\/schema\/logo\/image\/\",\"url\":\"https:\/\/shop.crenali.de\/blog\/wp-content\/uploads\/2020\/05\/cropped-Crenali_Logo-01-2.png\",\"contentUrl\":\"https:\/\/shop.crenali.de\/blog\/wp-content\/uploads\/2020\/05\/cropped-Crenali_Logo-01-2.png\",\"width\":250,\"height\":250,\"caption\":\"Crenali handmade\"},\"image\":{\"@id\":\"https:\/\/shop.crenali.de\/blog\/#\/schema\/logo\/image\/\"}},{\"@type\":\"Person\",\"@id\":\"https:\/\/shop.crenali.de\/blog\/#\/schema\/person\/2f9f3e49b300308c8aaf11894b7484af\",\"name\":\"Dorothea J. Richter\",\"image\":{\"@type\":\"ImageObject\",\"inLanguage\":\"de-DE\",\"@id\":\"https:\/\/shop.crenali.de\/blog\/#\/schema\/person\/image\/\",\"url\":\"https:\/\/secure.gravatar.com\/avatar\/a9859ef6d0982f1955ddcd9d2b0bc32d?s=96&d=mm&r=g\",\"contentUrl\":\"https:\/\/secure.gravatar.com\/avatar\/a9859ef6d0982f1955ddcd9d2b0bc32d?s=96&d=mm&r=g\",\"caption\":\"Dorothea J. Richter\"},\"sameAs\":[\"https:\/\/shop.crenali.de\/blog\",\"https:\/\/www.facebook.com\/crenali\",\"https:\/\/www.instagram.com\/creative.natural.living\"]}]}<\/script>\n<!-- \/ Yoast SEO plugin. -->","yoast_head_json":{"title":"Herbst-Typ | Bedeutung und Merkmale - Crenali handmade bloggt","description":"Verschiedene Typen unterschieden in Jahreszeiten | Der Herbst mit seinen Farben aufgeschl\u00fcsselt auf den Herbst-Typ | Bedeutung und Merkmale","robots":{"index":"index","follow":"follow","max-snippet":"max-snippet:-1","max-image-preview":"max-image-preview:large","max-video-preview":"max-video-preview:-1"},"canonical":"https:\/\/shop.crenali.de\/blog\/es-ist-herbst-bedeutung-und-merkmale\/","og_locale":"de_DE","og_type":"article","og_title":"Herbst-Typ | Bedeutung und Merkmale - Crenali handmade bloggt","og_description":"Verschiedene Typen unterschieden in Jahreszeiten | Der Herbst mit seinen Farben aufgeschl\u00fcsselt auf den Herbst-Typ | Bedeutung und Merkmale","og_url":"https:\/\/shop.crenali.de\/blog\/es-ist-herbst-bedeutung-und-merkmale\/","og_site_name":"Crenali handmade bloggt","article_publisher":"https:\/\/www.fb.com\/crenali","article_author":"https:\/\/www.facebook.com\/crenali","article_published_time":"2020-10-28T17:06:52+00:00","article_modified_time":"2021-02-01T17:17:13+00:00","og_image":[{"url":"https:\/\/shop.crenali.de\/blog\/wp-content\/uploads\/2020\/10\/1-1024x1024.png"}],"author":"Dorothea J. Richter","twitter_card":"summary_large_image","twitter_misc":{"Verfasst von":"Dorothea J. Richter","Gesch\u00e4tzte Lesezeit":"5 Minuten"},"schema":{"@context":"https:\/\/schema.org","@graph":[{"@type":"Article","@id":"https:\/\/shop.crenali.de\/blog\/es-ist-herbst-bedeutung-und-merkmale\/#article","isPartOf":{"@id":"https:\/\/shop.crenali.de\/blog\/es-ist-herbst-bedeutung-und-merkmale\/"},"author":{"name":"Dorothea J. Richter","@id":"https:\/\/shop.crenali.de\/blog\/#\/schema\/person\/2f9f3e49b300308c8aaf11894b7484af"},"headline":"Herbst-Typ | Bedeutung und Merkmale","datePublished":"2020-10-28T17:06:52+00:00","dateModified":"2021-02-01T17:17:13+00:00","mainEntityOfPage":{"@id":"https:\/\/shop.crenali.de\/blog\/es-ist-herbst-bedeutung-und-merkmale\/"},"wordCount":833,"commentCount":0,"publisher":{"@id":"https:\/\/shop.crenali.de\/blog\/#organization"},"keywords":["Farben","Farbtypen","Herbst","Herbst-Typ","Jahreszeiten"],"inLanguage":"de-DE","potentialAction":[{"@type":"CommentAction","name":"Comment","target":["https:\/\/shop.crenali.de\/blog\/es-ist-herbst-bedeutung-und-merkmale\/#respond"]}]},{"@type":"WebPage","@id":"https:\/\/shop.crenali.de\/blog\/es-ist-herbst-bedeutung-und-merkmale\/","url":"https:\/\/shop.crenali.de\/blog\/es-ist-herbst-bedeutung-und-merkmale\/","name":"Herbst-Typ | Bedeutung und Merkmale - Crenali handmade bloggt","isPartOf":{"@id":"https:\/\/shop.crenali.de\/blog\/#website"},"datePublished":"2020-10-28T17:06:52+00:00","dateModified":"2021-02-01T17:17:13+00:00","description":"Verschiedene Typen unterschieden in Jahreszeiten | Der Herbst mit seinen Farben aufgeschl\u00fcsselt auf den Herbst-Typ | Bedeutung und Merkmale","breadcrumb":{"@id":"https:\/\/shop.crenali.de\/blog\/es-ist-herbst-bedeutung-und-merkmale\/#breadcrumb"},"inLanguage":"de-DE","potentialAction":[{"@type":"ReadAction","target":["https:\/\/shop.crenali.de\/blog\/es-ist-herbst-bedeutung-und-merkmale\/"]}]},{"@type":"BreadcrumbList","@id":"https:\/\/shop.crenali.de\/blog\/es-ist-herbst-bedeutung-und-merkmale\/#breadcrumb","itemListElement":[{"@type":"ListItem","position":1,"name":"Startseite","item":"https:\/\/shop.crenali.de\/blog\/"},{"@type":"ListItem","position":2,"name":"Herbst-Typ | Bedeutung und Merkmale"}]},{"@type":"WebSite","@id":"https:\/\/shop.crenali.de\/blog\/#website","url":"https:\/\/shop.crenali.de\/blog\/","name":"Crenali handmade bloggt","description":"Jetzt reden wir Klartext!","publisher":{"@id":"https:\/\/shop.crenali.de\/blog\/#organization"},"potentialAction":[{"@type":"SearchAction","target":{"@type":"EntryPoint","urlTemplate":"https:\/\/shop.crenali.de\/blog\/?s={search_term_string}"},"query-input":"required name=search_term_string"}],"inLanguage":"de-DE"},{"@type":"Organization","@id":"https:\/\/shop.crenali.de\/blog\/#organization","name":"Crenali handmade","url":"https:\/\/shop.crenali.de\/blog\/","sameAs":["https:\/\/www.instagram.com\/creative.natural.living","https:\/\/www.linkedin.com\/in\/crenali\/","https:\/\/www.pinterest.de\/Crenali\/","https:\/\/www.fb.com\/crenali"],"logo":{"@type":"ImageObject","inLanguage":"de-DE","@id":"https:\/\/shop.crenali.de\/blog\/#\/schema\/logo\/image\/","url":"https:\/\/shop.crenali.de\/blog\/wp-content\/uploads\/2020\/05\/cropped-Crenali_Logo-01-2.png","contentUrl":"https:\/\/shop.crenali.de\/blog\/wp-content\/uploads\/2020\/05\/cropped-Crenali_Logo-01-2.png","width":250,"height":250,"caption":"Crenali handmade"},"image":{"@id":"https:\/\/shop.crenali.de\/blog\/#\/schema\/logo\/image\/"}},{"@type":"Person","@id":"https:\/\/shop.crenali.de\/blog\/#\/schema\/person\/2f9f3e49b300308c8aaf11894b7484af","name":"Dorothea J. Richter","image":{"@type":"ImageObject","inLanguage":"de-DE","@id":"https:\/\/shop.crenali.de\/blog\/#\/schema\/person\/image\/","url":"https:\/\/secure.gravatar.com\/avatar\/a9859ef6d0982f1955ddcd9d2b0bc32d?s=96&d=mm&r=g","contentUrl":"https:\/\/secure.gravatar.com\/avatar\/a9859ef6d0982f1955ddcd9d2b0bc32d?s=96&d=mm&r=g","caption":"Dorothea J. Richter"},"sameAs":["https:\/\/shop.crenali.de\/blog","https:\/\/www.facebook.com\/crenali","https:\/\/www.instagram.com\/creative.natural.living"]}]}},"_links":{"self":[{"href":"https:\/\/shop.crenali.de\/blog\/wp-json\/wp\/v2\/posts\/98"}],"collection":[{"href":"https:\/\/shop.crenali.de\/blog\/wp-json\/wp\/v2\/posts"}],"about":[{"href":"https:\/\/shop.crenali.de\/blog\/wp-json\/wp\/v2\/types\/post"}],"author":[{"embeddable":true,"href":"https:\/\/shop.crenali.de\/blog\/wp-json\/wp\/v2\/users\/1"}],"replies":[{"embeddable":true,"href":"https:\/\/shop.crenali.de\/blog\/wp-json\/wp\/v2\/comments?post=98"}],"version-history":[{"count":2,"href":"https:\/\/shop.crenali.de\/blog\/wp-json\/wp\/v2\/posts\/98\/revisions"}],"predecessor-version":[{"id":359,"href":"https:\/\/shop.crenali.de\/blog\/wp-json\/wp\/v2\/posts\/98\/revisions\/359"}],"wp:attachment":[{"href":"https:\/\/shop.crenali.de\/blog\/wp-json\/wp\/v2\/media?parent=98"}],"wp:term":[{"taxonomy":"category","embeddable":true,"href":"https:\/\/shop.crenali.de\/blog\/wp-json\/wp\/v2\/categories?post=98"},{"taxonomy":"post_tag","embeddable":true,"href":"https:\/\/shop.crenali.de\/blog\/wp-json\/wp\/v2\/tags?post=98"}],"curies":[{"name":"wp","href":"https:\/\/api.w.org\/{rel}","templated":true}]}}